{"id":240295,"date":"2022-09-20T17:49:13","date_gmt":"2022-09-20T15:49:13","guid":{"rendered":"https:\/\/lindenschule-hohenacker.de\/site\/?p=240295"},"modified":"2022-09-20T17:53:00","modified_gmt":"2022-09-20T15:53:00","slug":"gemeinsam-ein-neuer-aufbau-geschafft","status":"publish","type":"post","link":"https:\/\/lindenschule-hohenacker.de\/site\/gemeinsam-ein-neuer-aufbau-geschafft\/","title":{"rendered":"Mal wieder gemeinsam geschafft"},"content":{"rendered":"<p>[et_pb_section fb_built=&#8220;1&#8243; _builder_version=&#8220;4.17.6&#8243; _module_preset=&#8220;default&#8220; global_colors_info=&#8220;{}&#8220;][et_pb_row _builder_version=&#8220;4.17.6&#8243; _module_preset=&#8220;default&#8220; global_colors_info=&#8220;{}&#8220;][et_pb_column type=&#8220;4_4&#8243; _builder_version=&#8220;4.17.6&#8243; _module_preset=&#8220;default&#8220; global_colors_info=&#8220;{}&#8220;][et_pb_text _builder_version=&#8220;4.18.0&#8243; _module_preset=&#8220;default&#8220; text_orientation=&#8220;justified&#8220; hover_enabled=&#8220;0&#8243; global_colors_info=&#8220;{}&#8220; sticky_enabled=&#8220;0&#8243;]<\/p>\n<p>Nachdem die Bewegungslandschaft in den Ferien auf Sicherheit gepr\u00fcft und auch gereinigt wurde, konnten wir sie nun in der 2. Schulwoche wieder gemeinsam aufbauen. Dazu trafen sich Erzieherinnen aller Hohenacker Kinderg\u00e4rten, sowie der GTB und die Sportlehrer der Schule. Gemeinsam wurde der Kraftkat gestemmt und dabei get\u00fcffelt, alte Elemente von anderen Aufbauten verwendet und auch das eine oder andere neue integriert.<\/p>\n<p>Wir sind gespannt wie es den Kindern gef\u00e4llt und geben die Bewegungslandschaft somit wieder frei f\u00fcr alle Einrichtungen des Bildungshauses. Viel Spa\u00df dabei!<\/p>\n<p>V. Kojetinsky f\u00fcr das Aufbauteam<\/p>\n<p>[\/et_pb_text][et_pb_gallery gallery_ids=&#8220;240298,240299,240300,240301,240302,240303,240304,240305,240306,240307,240309,240311,240312&#8243; fullwidth=&#8220;on&#8220; _builder_version=&#8220;4.18.0&#8243; _module_preset=&#8220;default&#8220; global_colors_info=&#8220;{}&#8220;][\/et_pb_gallery][\/et_pb_column][\/et_pb_row][\/et_pb_section]<\/p>\n","protected":false},"excerpt":{"rendered":"<p>Nachdem die Bewegungslandschaft in den Ferien auf Sicherheit gepr\u00fcft und auch gereinigt wurde, konnten wir sie nun in der 2. Schulwoche wieder gemeinsam aufbauen. Dazu trafen sich Erzieherinnen aller Hohenacker [&hellip;]<\/p>\n","protected":false},"author":2,"featured_media":240307,"comment_status":"closed","ping_status":"open","sticky":false,"template":"","format":"standard","meta":{"_et_pb_use_builder":"on","_et_pb_old_content":"","_et_gb_content_width":"","footnotes":""},"categories":[20],"tags":[61,60,62],"class_list":["post-240295","post","type-post","status-publish","format-standard","has-post-thumbnail","hentry","category-aktionen-im-bildungshaus","tag-aufbau","tag-bewegungslandschaft","tag-neues-schujahr"],"_links":{"self":[{"href":"https:\/\/lindenschule-hohenacker.de\/site\/wp-json\/wp\/v2\/posts\/240295","targetHints":{"allow":["GET"]}}],"collection":[{"href":"https:\/\/lindenschule-hohenacker.de\/site\/wp-json\/wp\/v2\/posts"}],"about":[{"href":"https:\/\/lindenschule-hohenacker.de\/site\/wp-json\/wp\/v2\/types\/post"}],"author":[{"embeddable":true,"href":"https:\/\/lindenschule-hohenacker.de\/site\/wp-json\/wp\/v2\/users\/2"}],"replies":[{"embeddable":true,"href":"https:\/\/lindenschule-hohenacker.de\/site\/wp-json\/wp\/v2\/comments?post=240295"}],"version-history":[{"count":5,"href":"https:\/\/lindenschule-hohenacker.de\/site\/wp-json\/wp\/v2\/posts\/240295\/revisions"}],"predecessor-version":[{"id":240316,"href":"https:\/\/lindenschule-hohenacker.de\/site\/wp-json\/wp\/v2\/posts\/240295\/revisions\/240316"}],"wp:featuredmedia":[{"embeddable":true,"href":"https:\/\/lindenschule-hohenacker.de\/site\/wp-json\/wp\/v2\/media\/240307"}],"wp:attachment":[{"href":"https:\/\/lindenschule-hohenacker.de\/site\/wp-json\/wp\/v2\/media?parent=240295"}],"wp:term":[{"taxonomy":"category","embeddable":true,"href":"https:\/\/lindenschule-hohenacker.de\/site\/wp-json\/wp\/v2\/categories?post=240295"},{"taxonomy":"post_tag","embeddable":true,"href":"https:\/\/lindenschule-hohenacker.de\/site\/wp-json\/wp\/v2\/tags?post=240295"}],"curies":[{"name":"wp","href":"https:\/\/api.w.org\/{rel}","templated":true}]}}