{"id":242640,"date":"2023-10-04T13:34:04","date_gmt":"2023-10-04T11:34:04","guid":{"rendered":"https:\/\/lindenschule-hohenacker.de\/site\/?p=242640"},"modified":"2023-10-04T13:36:22","modified_gmt":"2023-10-04T11:36:22","slug":"14-bildungshausfinnenlauf","status":"publish","type":"post","link":"https:\/\/lindenschule-hohenacker.de\/site\/14-bildungshausfinnenlauf\/","title":{"rendered":"14. Bildungshausfinnenlauf"},"content":{"rendered":"<p>[et_pb_section fb_built=&#8220;1&#8243; _builder_version=&#8220;4.17.6&#8243; _module_preset=&#8220;default&#8220; global_colors_info=&#8220;{}&#8220;][et_pb_row _builder_version=&#8220;4.17.6&#8243; _module_preset=&#8220;default&#8220; global_colors_info=&#8220;{}&#8220;][et_pb_column type=&#8220;4_4&#8243; _builder_version=&#8220;4.17.6&#8243; _module_preset=&#8220;default&#8220; global_colors_info=&#8220;{}&#8220;][et_pb_text _builder_version=&#8220;4.22.1&#8243; _module_preset=&#8220;default&#8220; text_orientation=&#8220;justified&#8220; hover_enabled=&#8220;0&#8243; global_colors_info=&#8220;{}&#8220; sticky_enabled=&#8220;0&#8243;]<\/p>\n<p>Liebe Eltern,<\/p>\n<p>wir freuen uns auf unseren 14. Bildungshaus-Finnenlauf, der nun zum ersten Mal im Herbst stattfindet. Wir wollen wieder viel Geld erlaufen, das dieses Mal f\u00fcr unsere eigenen Einrichtungen genutzt wird.<\/p>\n<p>Unser <strong>Lauftag<\/strong> findet <strong>am Freitag, den 13. Oktober 2023 von ca. 08:00 Uhr bis 12:00 Uhr <\/strong>statt.<\/p>\n<p>Wie jedes Jahr laufen die Kindergartenkinder wieder in Begleitung ihrer Bildungshaus-Partnerklasse. Nach dem Lauf k\u00f6nnen sich die Kinder mit gesunden und leckeren Speisen st\u00e4rken.<\/p>\n<p>Wir haben folgenden Zeitplan f\u00fcr diesen Tag vorgesehen:<\/p>\n<p><strong>8:10 Uhr<\/strong>: Klasse 2b<\/p>\n<p><strong>8:30 Uhr<\/strong>: Kita Kirch\u00e4cker, unterst\u00fctzt von der Klasse 1a<\/p>\n<p><strong>8:50 Uhr<\/strong>: Klasse 1b<\/p>\n<p><strong>9:30 Uhr<\/strong>: GFK<\/p>\n<p><strong>9:45 Uhr<\/strong>: \u00a0Klasse 3b<\/p>\n<p><strong>10:00 Uhr<\/strong>: Bild\u00e4ckerkiga, unterst\u00fctzt von der Klasse 2a<\/p>\n<p><strong>10:35 Uhr<\/strong>: Klasse 4a<\/p>\n<p><strong>10:50 Uhr<\/strong>: evang. Kindergarten, unterst\u00fctzt von der Klasse 4b<\/p>\n<p><strong>11:20 Uhr<\/strong>: Klasse 3a<\/p>\n<p>Funktionieren soll das ganze wieder so:<\/p>\n<p>Alle Sch\u00fcler und Kindergartenkinder erhalten heute mit dem Brief eine Laufkarte. Mit dieser Laufkarte sucht sich jedes Kind seine Sponsoren. Die Sponsoren notieren auf der Laufkarte einen Betrag, den sie bereit sind <strong>pro<\/strong> <strong>gelaufene Runde<\/strong> des L\u00e4ufers zu spenden.<\/p>\n<p>Die maximale Rundenanzahl wird je nach Alter festgelegt: Kindergartenkinder laufen maximal eine Runde, Kinder der Klassen 1\/2 sowie Kinder der Grundschulf\u00f6rderklasse maximal drei Runden, und Sch\u00fcler der Klassenstufen 3\/4 maximal f\u00fcnf Runden. (Eine Runde betr\u00e4gt etwa 350 m.)<\/p>\n<p>Nachdem sich alle Sponsoren des Kindes eingetragen haben, gibt das Kind seine Laufkarte wieder beim Klassenlehrer bzw. im Kindergarten <strong><u>bis sp\u00e4testens Mittwoch, den 4. Oktober<\/u> <\/strong>ab.<\/p>\n<p>Nach dem Lauf erhalten die Sch\u00fcler ihre Laufkarte wieder zur\u00fcck, um den erlaufenen Betrag bei den jeweiligen Sponsoren einzuholen und diesen anschlie\u00dfend im Kindergarten bzw. beim Klassenlehrer abzugeben.<\/p>\n<p>F\u00fcr Ihre Unterst\u00fctzung wollen wir uns bereits jetzt sehr herzlich bedanken. Allen unseren Kindern w\u00fcnschen wir einen \u201eguten Lauf!\u201c Selbstverst\u00e4ndlich d\u00fcrfen Sie auch kommen und Ihre Kinder anfeuern und unterst\u00fctzen<strong>. <\/strong><\/p>\n<p><strong>F\u00fcr den Lauftag ben\u00f6tigen wir Eltern, die uns bei der Vorbereitung des Imbisses, bei der Essensausgabe und beim Stempeln und Absichern der Laufstrecke von 8.00 Uhr bis 12.00 Uhr unterst\u00fctzen. Auch freuen wir uns wieder \u00fcber leckere und vor allem gesunde K\u00f6stlichkeiten f\u00fcr unsere L\u00e4ufer.<\/strong><\/p>\n<p>Bitte teilen Sie uns im folgenden Abschnitt <strong><u>bis sp\u00e4testens Mittwoch, den 4. Oktober 2023<\/u> <\/strong>mit, ob und in welcher Form Sie den Lauftag unterst\u00fctzen k\u00f6nnen. Bitte vergessen Sie nicht, den Namen und die Klasse Ihres Kindes einzutragen. Vielen Dank!<\/p>\n<p>&nbsp;<\/p>\n<p>Mit freundlichen Gr\u00fc\u00dfen<\/p>\n<p>Frau Damaschke\u00a0\u00a0\u00a0\u00a0 \u00a0\u00a0\u00a0\u00a0\u00a0\u00a0Frau\u00a0 Klausing\u00a0\u00a0\u00a0\u00a0\u00a0\u00a0\u00a0\u00a0\u00a0\u00a0\u00a0\u00a0\u00a0\u00a0\u00a0 Herr Steeb \u00a0\u00a0\u00a0\u00a0\u00a0\u00a0\u00a0\u00a0\u00a0\u00a0\u00a0\u00a0\u00a0\u00a0\u00a0\u00a0\u00a0\u00a0\u00a0\u00a0\u00a0Frau Schmidt<\/p>\n<p>Bild\u00e4cker Kiga\u00a0\u00a0\u00a0\u00a0\u00a0\u00a0\u00a0\u00a0\u00a0\u00a0 \u00a0\u00a0\u00a0\u00a0\u00a0evang. Kiga\u00a0\u00a0\u00a0\u00a0\u00a0\u00a0\u00a0\u00a0\u00a0\u00a0\u00a0\u00a0 \u00a0\u00a0\u00a0\u00a0\u00a0\u00a0\u00a0Kirch\u00e4cker Kita\u00a0\u00a0\u00a0\u00a0 \u00a0\u00a0\u00a0\u00a0\u00a0\u00a0\u00a0\u00a0\u00a0\u00a0Lindenschule<\/p>\n<p>&nbsp;<\/p>\n<p>[\/et_pb_text][\/et_pb_column][\/et_pb_row][\/et_pb_section]<\/p>\n","protected":false},"excerpt":{"rendered":"<p>Liebe Eltern, wir freuen uns auf unseren 14. Bildungshaus-Finnenlauf, der nun zum ersten Mal im Herbst stattfindet. Wir wollen wieder viel Geld erlaufen, das dieses Mal f\u00fcr unsere eigenen Einrichtungen [&hellip;]<\/p>\n","protected":false},"author":2,"featured_media":240269,"comment_status":"closed","ping_status":"open","sticky":false,"template":"","format":"standard","meta":{"_et_pb_use_builder":"on","_et_pb_old_content":"","_et_gb_content_width":"","footnotes":""},"categories":[20],"tags":[147],"class_list":["post-242640","post","type-post","status-publish","format-standard","has-post-thumbnail","hentry","category-aktionen-im-bildungshaus","tag-bildungshausfinnenlauf"],"_links":{"self":[{"href":"https:\/\/lindenschule-hohenacker.de\/site\/wp-json\/wp\/v2\/posts\/242640","targetHints":{"allow":["GET"]}}],"collection":[{"href":"https:\/\/lindenschule-hohenacker.de\/site\/wp-json\/wp\/v2\/posts"}],"about":[{"href":"https:\/\/lindenschule-hohenacker.de\/site\/wp-json\/wp\/v2\/types\/post"}],"author":[{"embeddable":true,"href":"https:\/\/lindenschule-hohenacker.de\/site\/wp-json\/wp\/v2\/users\/2"}],"replies":[{"embeddable":true,"href":"https:\/\/lindenschule-hohenacker.de\/site\/wp-json\/wp\/v2\/comments?post=242640"}],"version-history":[{"count":4,"href":"https:\/\/lindenschule-hohenacker.de\/site\/wp-json\/wp\/v2\/posts\/242640\/revisions"}],"predecessor-version":[{"id":242646,"href":"https:\/\/lindenschule-hohenacker.de\/site\/wp-json\/wp\/v2\/posts\/242640\/revisions\/242646"}],"wp:featuredmedia":[{"embeddable":true,"href":"https:\/\/lindenschule-hohenacker.de\/site\/wp-json\/wp\/v2\/media\/240269"}],"wp:attachment":[{"href":"https:\/\/lindenschule-hohenacker.de\/site\/wp-json\/wp\/v2\/media?parent=242640"}],"wp:term":[{"taxonomy":"category","embeddable":true,"href":"https:\/\/lindenschule-hohenacker.de\/site\/wp-json\/wp\/v2\/categories?post=242640"},{"taxonomy":"post_tag","embeddable":true,"href":"https:\/\/lindenschule-hohenacker.de\/site\/wp-json\/wp\/v2\/tags?post=242640"}],"curies":[{"name":"wp","href":"https:\/\/api.w.org\/{rel}","templated":true}]}}