{"id":242666,"date":"2023-10-09T15:47:37","date_gmt":"2023-10-09T13:47:37","guid":{"rendered":"https:\/\/lindenschule-hohenacker.de\/site\/?p=242666"},"modified":"2023-10-09T15:50:18","modified_gmt":"2023-10-09T13:50:18","slug":"basteln-mit-naturmaterialien","status":"publish","type":"post","link":"https:\/\/lindenschule-hohenacker.de\/site\/basteln-mit-naturmaterialien\/","title":{"rendered":"Basteln mit Naturmaterialien"},"content":{"rendered":"<p>[et_pb_section fb_built=&#8220;1&#8243; _builder_version=&#8220;4.17.6&#8243; _module_preset=&#8220;default&#8220; global_colors_info=&#8220;{}&#8220;][et_pb_row _builder_version=&#8220;4.17.6&#8243; _module_preset=&#8220;default&#8220; global_colors_info=&#8220;{}&#8220;][et_pb_column type=&#8220;4_4&#8243; _builder_version=&#8220;4.17.6&#8243; _module_preset=&#8220;default&#8220; global_colors_info=&#8220;{}&#8220;][et_pb_text _builder_version=&#8220;4.22.1&#8243; _module_preset=&#8220;default&#8220; text_orientation=&#8220;justified&#8220; hover_enabled=&#8220;0&#8243; global_colors_info=&#8220;{}&#8220; sticky_enabled=&#8220;0&#8243;]<\/p>\n<p>Heute brachte ich die Idee der Fliegenpilze mit. Es war toll mit anzusehen, wie meine Idee ganz schnell abgewandelt wurde und wundersch\u00f6ne Herbstlandschaften entstanden sind. Die Kinder entdeckten viele unterschiedliche Naturmaterialien und lie\u00dfen ihrer Phantasie freien Lauf. Einige von ihnen arbeiteten zum ersten Mal mit der Hei\u00dfklebepistole. Zum Gl\u00fcck blieben alle Finger unverletzt. \ud83d\ude09<\/p>\n<p>&nbsp;<\/p>\n<p>Tina Steng<\/p>\n<p>[\/et_pb_text][et_pb_gallery gallery_ids=&#8220;242671,242672,242673,242674,242676,242677,242678,242679,242680&#8243; show_title_and_caption=&#8220;off&#8220; show_pagination=&#8220;off&#8220; _builder_version=&#8220;4.22.1&#8243; _module_preset=&#8220;default&#8220; global_colors_info=&#8220;{}&#8220;][\/et_pb_gallery][\/et_pb_column][\/et_pb_row][\/et_pb_section]<\/p>\n","protected":false},"excerpt":{"rendered":"<p>Heute brachte ich die Idee der Fliegenpilze mit. Es war toll mit anzusehen, wie meine Idee ganz schnell abgewandelt wurde und wundersch\u00f6ne Herbstlandschaften entstanden sind. Die Kinder entdeckten viele unterschiedliche [&hellip;]<\/p>\n","protected":false},"author":2,"featured_media":242675,"comment_status":"closed","ping_status":"open","sticky":false,"template":"","format":"standard","meta":{"_et_pb_use_builder":"on","_et_pb_old_content":"","_et_gb_content_width":"","footnotes":""},"categories":[36],"tags":[],"class_list":["post-242666","post","type-post","status-publish","format-standard","has-post-thumbnail","hentry","category-aktionen-der-gtb"],"_links":{"self":[{"href":"https:\/\/lindenschule-hohenacker.de\/site\/wp-json\/wp\/v2\/posts\/242666","targetHints":{"allow":["GET"]}}],"collection":[{"href":"https:\/\/lindenschule-hohenacker.de\/site\/wp-json\/wp\/v2\/posts"}],"about":[{"href":"https:\/\/lindenschule-hohenacker.de\/site\/wp-json\/wp\/v2\/types\/post"}],"author":[{"embeddable":true,"href":"https:\/\/lindenschule-hohenacker.de\/site\/wp-json\/wp\/v2\/users\/2"}],"replies":[{"embeddable":true,"href":"https:\/\/lindenschule-hohenacker.de\/site\/wp-json\/wp\/v2\/comments?post=242666"}],"version-history":[{"count":5,"href":"https:\/\/lindenschule-hohenacker.de\/site\/wp-json\/wp\/v2\/posts\/242666\/revisions"}],"predecessor-version":[{"id":242683,"href":"https:\/\/lindenschule-hohenacker.de\/site\/wp-json\/wp\/v2\/posts\/242666\/revisions\/242683"}],"wp:featuredmedia":[{"embeddable":true,"href":"https:\/\/lindenschule-hohenacker.de\/site\/wp-json\/wp\/v2\/media\/242675"}],"wp:attachment":[{"href":"https:\/\/lindenschule-hohenacker.de\/site\/wp-json\/wp\/v2\/media?parent=242666"}],"wp:term":[{"taxonomy":"category","embeddable":true,"href":"https:\/\/lindenschule-hohenacker.de\/site\/wp-json\/wp\/v2\/categories?post=242666"},{"taxonomy":"post_tag","embeddable":true,"href":"https:\/\/lindenschule-hohenacker.de\/site\/wp-json\/wp\/v2\/tags?post=242666"}],"curies":[{"name":"wp","href":"https:\/\/api.w.org\/{rel}","templated":true}]}}