{"id":242971,"date":"2023-12-10T19:54:55","date_gmt":"2023-12-10T18:54:55","guid":{"rendered":"https:\/\/lindenschule-hohenacker.de\/site\/?p=242971"},"modified":"2023-12-10T20:00:57","modified_gmt":"2023-12-10T19:00:57","slug":"die-gtb-beim-1-hohenacker-adventsmarkt","status":"publish","type":"post","link":"https:\/\/lindenschule-hohenacker.de\/site\/die-gtb-beim-1-hohenacker-adventsmarkt\/","title":{"rendered":"Die GTB beim 1. Hohenacker Adventsmarkt"},"content":{"rendered":"<p>[et_pb_section fb_built=&#8220;1&#8243; _builder_version=&#8220;4.17.6&#8243; _module_preset=&#8220;default&#8220; global_colors_info=&#8220;{}&#8220;][et_pb_row _builder_version=&#8220;4.17.6&#8243; _module_preset=&#8220;default&#8220; global_colors_info=&#8220;{}&#8220;][et_pb_column type=&#8220;4_4&#8243; _builder_version=&#8220;4.17.6&#8243; _module_preset=&#8220;default&#8220; global_colors_info=&#8220;{}&#8220;][et_pb_text _builder_version=&#8220;4.23.1&#8243; _module_preset=&#8220;default&#8220; text_orientation=&#8220;justified&#8220; hover_enabled=&#8220;0&#8243; global_colors_info=&#8220;{}&#8220; sticky_enabled=&#8220;0&#8243;]<\/p>\n<p>Am 25.11.2023 fand der 1. Hohenacker Adventsmarkt statt und wir waren dabei.<\/p>\n<p><img loading=\"lazy\" decoding=\"async\" class=\"wp-image-242975 size-medium aligncenter\" src=\"https:\/\/lindenschule-hohenacker.de\/site\/wp-content\/uploads\/2023\/12\/IMG_3392-300x225.jpg\" alt=\"\" width=\"300\" height=\"225\" \/><\/p>\n<p>Nach anf\u00e4nglichen Schwierigkeiten mit dem Strom konnte gegen 16:15 Uhr endlich der Waffelverkauf losgehen. Beim Bef\u00fcllen der Waffeleisen konnten die Eltern direkt etwas Muskeltraining absolvieren, da der Teig die Konsistenz eines M\u00fcrbteig hatte.<\/p>\n<p>Die Kinder hatten gro\u00dfe Spa\u00df beim Verkaufen. Einige waren weit \u00fcber Ihre Schicht hinaus an unserem Stand und halfen mit.<\/p>\n<p>Die Stimmung in unserem Pavillon war einfach toll und die Einnahmen von 330\u20ac k\u00f6nnen sich sehen lassen.<\/p>\n<p>Wir bedanken uns nochmal ganz herzlich bei all unseren Helfern.<\/p>\n<p>Tina Steng<\/p>\n<p>[\/et_pb_text][\/et_pb_column][\/et_pb_row][\/et_pb_section]<\/p>\n","protected":false},"excerpt":{"rendered":"<p>Am 25.11.2023 fand der 1. Hohenacker Adventsmarkt statt und wir waren dabei. Nach anf\u00e4nglichen Schwierigkeiten mit dem Strom konnte gegen 16:15 Uhr endlich der Waffelverkauf losgehen. Beim Bef\u00fcllen der Waffeleisen [&hellip;]<\/p>\n","protected":false},"author":2,"featured_media":242974,"comment_status":"closed","ping_status":"open","sticky":false,"template":"","format":"standard","meta":{"_et_pb_use_builder":"on","_et_pb_old_content":"","_et_gb_content_width":"","footnotes":""},"categories":[36],"tags":[155],"class_list":["post-242971","post","type-post","status-publish","format-standard","has-post-thumbnail","hentry","category-aktionen-der-gtb","tag-adventsmarkt"],"_links":{"self":[{"href":"https:\/\/lindenschule-hohenacker.de\/site\/wp-json\/wp\/v2\/posts\/242971","targetHints":{"allow":["GET"]}}],"collection":[{"href":"https:\/\/lindenschule-hohenacker.de\/site\/wp-json\/wp\/v2\/posts"}],"about":[{"href":"https:\/\/lindenschule-hohenacker.de\/site\/wp-json\/wp\/v2\/types\/post"}],"author":[{"embeddable":true,"href":"https:\/\/lindenschule-hohenacker.de\/site\/wp-json\/wp\/v2\/users\/2"}],"replies":[{"embeddable":true,"href":"https:\/\/lindenschule-hohenacker.de\/site\/wp-json\/wp\/v2\/comments?post=242971"}],"version-history":[{"count":5,"href":"https:\/\/lindenschule-hohenacker.de\/site\/wp-json\/wp\/v2\/posts\/242971\/revisions"}],"predecessor-version":[{"id":242984,"href":"https:\/\/lindenschule-hohenacker.de\/site\/wp-json\/wp\/v2\/posts\/242971\/revisions\/242984"}],"wp:featuredmedia":[{"embeddable":true,"href":"https:\/\/lindenschule-hohenacker.de\/site\/wp-json\/wp\/v2\/media\/242974"}],"wp:attachment":[{"href":"https:\/\/lindenschule-hohenacker.de\/site\/wp-json\/wp\/v2\/media?parent=242971"}],"wp:term":[{"taxonomy":"category","embeddable":true,"href":"https:\/\/lindenschule-hohenacker.de\/site\/wp-json\/wp\/v2\/categories?post=242971"},{"taxonomy":"post_tag","embeddable":true,"href":"https:\/\/lindenschule-hohenacker.de\/site\/wp-json\/wp\/v2\/tags?post=242971"}],"curies":[{"name":"wp","href":"https:\/\/api.w.org\/{rel}","templated":true}]}}