{"id":243009,"date":"2023-12-20T17:43:43","date_gmt":"2023-12-20T16:43:43","guid":{"rendered":"https:\/\/lindenschule-hohenacker.de\/site\/?p=243009"},"modified":"2023-12-20T17:43:47","modified_gmt":"2023-12-20T16:43:47","slug":"kunterbunte-adventzeit-in-der-gtb","status":"publish","type":"post","link":"https:\/\/lindenschule-hohenacker.de\/site\/kunterbunte-adventzeit-in-der-gtb\/","title":{"rendered":"Kunterbunte Adventzeit in der GTB"},"content":{"rendered":"<p>[et_pb_section fb_built=&#8220;1&#8243; _builder_version=&#8220;4.17.6&#8243; _module_preset=&#8220;default&#8220; global_colors_info=&#8220;{}&#8220;][et_pb_row _builder_version=&#8220;4.17.6&#8243; _module_preset=&#8220;default&#8220; global_colors_info=&#8220;{}&#8220;][et_pb_column type=&#8220;4_4&#8243; _builder_version=&#8220;4.17.6&#8243; _module_preset=&#8220;default&#8220; global_colors_info=&#8220;{}&#8220;][et_pb_text _builder_version=&#8220;4.23.1&#8243; _module_preset=&#8220;default&#8220; text_orientation=&#8220;justified&#8220; hover_enabled=&#8220;0&#8243; global_colors_info=&#8220;{}&#8220; sticky_enabled=&#8220;0&#8243;]<\/p>\n<p>In den letzten 3 Wochen hatten die Kinder sehr viel Spa\u00df bei unseren Adventsaktionen. Jedes Kind konnte jeden Tag frei w\u00e4hlen, ob es an einer Aktion teilnehmen m\u00f6chte oder nicht. Es wurde gebastelt, gesungen, vorgelesen, gebacken, gegessen und gebaut.<\/p>\n<p><img loading=\"lazy\" decoding=\"async\" class=\"aligncenter wp-image-243016 size-medium\" src=\"https:\/\/lindenschule-hohenacker.de\/site\/wp-content\/uploads\/2023\/12\/IMG_3678-214x300.jpg\" alt=\"\" width=\"214\" height=\"300\" \/><\/p>\n<p><img loading=\"lazy\" decoding=\"async\" class=\"wp-image-243015 size-medium aligncenter\" src=\"https:\/\/lindenschule-hohenacker.de\/site\/wp-content\/uploads\/2023\/12\/3549d34d-8487-4666-9bcb-8b19d38d1d66-231x300.jpeg\" alt=\"\" width=\"231\" height=\"300\" \/><\/p>\n<p>T. Steng<\/p>\n<p>[\/et_pb_text][\/et_pb_column][\/et_pb_row][\/et_pb_section]<\/p>\n","protected":false},"excerpt":{"rendered":"<p>In den letzten 3 Wochen hatten die Kinder sehr viel Spa\u00df bei unseren Adventsaktionen. Jedes Kind konnte jeden Tag frei w\u00e4hlen, ob es an einer Aktion teilnehmen m\u00f6chte oder nicht. [&hellip;]<\/p>\n","protected":false},"author":2,"featured_media":243017,"comment_status":"closed","ping_status":"open","sticky":false,"template":"","format":"standard","meta":{"_et_pb_use_builder":"on","_et_pb_old_content":"","_et_gb_content_width":"","footnotes":""},"categories":[36],"tags":[156],"class_list":["post-243009","post","type-post","status-publish","format-standard","has-post-thumbnail","hentry","category-aktionen-der-gtb","tag-adventsangebote"],"_links":{"self":[{"href":"https:\/\/lindenschule-hohenacker.de\/site\/wp-json\/wp\/v2\/posts\/243009","targetHints":{"allow":["GET"]}}],"collection":[{"href":"https:\/\/lindenschule-hohenacker.de\/site\/wp-json\/wp\/v2\/posts"}],"about":[{"href":"https:\/\/lindenschule-hohenacker.de\/site\/wp-json\/wp\/v2\/types\/post"}],"author":[{"embeddable":true,"href":"https:\/\/lindenschule-hohenacker.de\/site\/wp-json\/wp\/v2\/users\/2"}],"replies":[{"embeddable":true,"href":"https:\/\/lindenschule-hohenacker.de\/site\/wp-json\/wp\/v2\/comments?post=243009"}],"version-history":[{"count":4,"href":"https:\/\/lindenschule-hohenacker.de\/site\/wp-json\/wp\/v2\/posts\/243009\/revisions"}],"predecessor-version":[{"id":243019,"href":"https:\/\/lindenschule-hohenacker.de\/site\/wp-json\/wp\/v2\/posts\/243009\/revisions\/243019"}],"wp:featuredmedia":[{"embeddable":true,"href":"https:\/\/lindenschule-hohenacker.de\/site\/wp-json\/wp\/v2\/media\/243017"}],"wp:attachment":[{"href":"https:\/\/lindenschule-hohenacker.de\/site\/wp-json\/wp\/v2\/media?parent=243009"}],"wp:term":[{"taxonomy":"category","embeddable":true,"href":"https:\/\/lindenschule-hohenacker.de\/site\/wp-json\/wp\/v2\/categories?post=243009"},{"taxonomy":"post_tag","embeddable":true,"href":"https:\/\/lindenschule-hohenacker.de\/site\/wp-json\/wp\/v2\/tags?post=243009"}],"curies":[{"name":"wp","href":"https:\/\/api.w.org\/{rel}","templated":true}]}}