{"id":243136,"date":"2023-12-23T18:29:29","date_gmt":"2023-12-23T17:29:29","guid":{"rendered":"https:\/\/lindenschule-hohenacker.de\/site\/?p=243136"},"modified":"2023-12-23T18:29:33","modified_gmt":"2023-12-23T17:29:33","slug":"weihnachtsflohmarkt","status":"publish","type":"post","link":"https:\/\/lindenschule-hohenacker.de\/site\/weihnachtsflohmarkt\/","title":{"rendered":"Weihnachtsflohmarkt"},"content":{"rendered":"<p>[et_pb_section fb_built=&#8220;1&#8243; _builder_version=&#8220;4.17.6&#8243; _module_preset=&#8220;default&#8220; global_colors_info=&#8220;{}&#8220;][et_pb_row _builder_version=&#8220;4.17.6&#8243; _module_preset=&#8220;default&#8220; global_colors_info=&#8220;{}&#8220;][et_pb_column type=&#8220;4_4&#8243; _builder_version=&#8220;4.17.6&#8243; _module_preset=&#8220;default&#8220; global_colors_info=&#8220;{}&#8220;][et_pb_text _builder_version=&#8220;4.23.1&#8243; _module_preset=&#8220;default&#8220; text_orientation=&#8220;justified&#8220; hover_enabled=&#8220;0&#8243; global_colors_info=&#8220;{}&#8220; sticky_enabled=&#8220;0&#8243;]<\/p>\n<p>Am letzten Schultag gab es noch ein letztes Highlight f\u00fcr die Kinder im Jahr 2023.<\/p>\n<p>Der Weihnachtsflohmarkt fand nach langer Pause wieder in der der Gemeindehalle\/Turnhalle statt.<\/p>\n<p>Hier konnten die Kinder aller Klassen alles, was Kinderherzen erfreut, verkaufen. Auch das Einkaufen hat viel Freude bereitet und so haben viele Spielsachen einen neuen Besitzer gefunden.<\/p>\n<p>Zur St\u00e4rkung konnte man am Stand vom Ideepool leckere Muffins kaufen. Ein herzliches Dankesch\u00f6n an dieser Stelle an alle Muffin-B\u00e4cker\/innen.<\/p>\n<p><img loading=\"lazy\" decoding=\"async\" class=\"aligncenter wp-image-243148 size-full\" src=\"https:\/\/lindenschule-hohenacker.de\/site\/wp-content\/uploads\/2023\/12\/20231221_082720.jpeg\" alt=\"\" width=\"800\" height=\"360\" srcset=\"https:\/\/lindenschule-hohenacker.de\/site\/wp-content\/uploads\/2023\/12\/20231221_082720.jpeg 800w, https:\/\/lindenschule-hohenacker.de\/site\/wp-content\/uploads\/2023\/12\/20231221_082720-480x216.jpeg 480w\" sizes=\"(min-width: 0px) and (max-width: 480px) 480px, (min-width: 481px) 800px, 100vw\" \/><\/p>\n<p><img loading=\"lazy\" decoding=\"async\" class=\"aligncenter wp-image-243147 size-large\" src=\"https:\/\/lindenschule-hohenacker.de\/site\/wp-content\/uploads\/2023\/12\/20231221_082703-461x1024.jpg\" alt=\"\" width=\"461\" height=\"1024\" \/><\/p>\n<p>Das Angebot wurde sehr gut angenommen und so war ein sch\u00f6ner Jahresabschluss f\u00fcr alle.<\/p>\n<p>K. Graf vom Ideenpool-Team<\/p>\n<p><strong>\u00a0<\/strong><\/p>\n<p><strong>\u00a0<\/strong><\/p>\n<p><strong>\u00a0<\/strong><\/p>\n<p><strong>\u00a0<\/strong><\/p>\n<p><strong>\u00a0<\/strong><\/p>\n<p><strong>\u00a0\u00a0\u00a0\u00a0\u00a0\u00a0\u00a0\u00a0\u00a0\u00a0\u00a0\u00a0\u00a0\u00a0\u00a0\u00a0\u00a0\u00a0\u00a0\u00a0\u00a0\u00a0\u00a0\u00a0\u00a0\u00a0\u00a0\u00a0\u00a0\u00a0\u00a0\u00a0\u00a0\u00a0\u00a0\u00a0\u00a0\u00a0\u00a0\u00a0\u00a0\u00a0\u00a0\u00a0\u00a0\u00a0\u00a0\u00a0<\/strong><\/p>\n<p>&nbsp;<\/p>\n<p>&nbsp;<\/p>\n<p>&nbsp;<\/p>\n<p>&nbsp;<\/p>\n<p>[\/et_pb_text][\/et_pb_column][\/et_pb_row][\/et_pb_section]<\/p>\n","protected":false},"excerpt":{"rendered":"<p>Am letzten Schultag gab es noch ein letztes Highlight f\u00fcr die Kinder im Jahr 2023. Der Weihnachtsflohmarkt fand nach langer Pause wieder in der der Gemeindehalle\/Turnhalle statt. Hier konnten die [&hellip;]<\/p>\n","protected":false},"author":2,"featured_media":243146,"comment_status":"closed","ping_status":"open","sticky":false,"template":"","format":"standard","meta":{"_et_pb_use_builder":"on","_et_pb_old_content":"","_et_gb_content_width":"","footnotes":""},"categories":[23],"tags":[41,158],"class_list":["post-243136","post","type-post","status-publish","format-standard","has-post-thumbnail","hentry","category-aktionen-der-lindenschule","tag-ideenpool","tag-weihnachtsflohmarkt"],"_links":{"self":[{"href":"https:\/\/lindenschule-hohenacker.de\/site\/wp-json\/wp\/v2\/posts\/243136","targetHints":{"allow":["GET"]}}],"collection":[{"href":"https:\/\/lindenschule-hohenacker.de\/site\/wp-json\/wp\/v2\/posts"}],"about":[{"href":"https:\/\/lindenschule-hohenacker.de\/site\/wp-json\/wp\/v2\/types\/post"}],"author":[{"embeddable":true,"href":"https:\/\/lindenschule-hohenacker.de\/site\/wp-json\/wp\/v2\/users\/2"}],"replies":[{"embeddable":true,"href":"https:\/\/lindenschule-hohenacker.de\/site\/wp-json\/wp\/v2\/comments?post=243136"}],"version-history":[{"count":4,"href":"https:\/\/lindenschule-hohenacker.de\/site\/wp-json\/wp\/v2\/posts\/243136\/revisions"}],"predecessor-version":[{"id":243149,"href":"https:\/\/lindenschule-hohenacker.de\/site\/wp-json\/wp\/v2\/posts\/243136\/revisions\/243149"}],"wp:featuredmedia":[{"embeddable":true,"href":"https:\/\/lindenschule-hohenacker.de\/site\/wp-json\/wp\/v2\/media\/243146"}],"wp:attachment":[{"href":"https:\/\/lindenschule-hohenacker.de\/site\/wp-json\/wp\/v2\/media?parent=243136"}],"wp:term":[{"taxonomy":"category","embeddable":true,"href":"https:\/\/lindenschule-hohenacker.de\/site\/wp-json\/wp\/v2\/categories?post=243136"},{"taxonomy":"post_tag","embeddable":true,"href":"https:\/\/lindenschule-hohenacker.de\/site\/wp-json\/wp\/v2\/tags?post=243136"}],"curies":[{"name":"wp","href":"https:\/\/api.w.org\/{rel}","templated":true}]}}