{"id":243381,"date":"2024-02-26T15:59:48","date_gmt":"2024-02-26T14:59:48","guid":{"rendered":"https:\/\/lindenschule-hohenacker.de\/site\/?p=243381"},"modified":"2024-07-29T15:18:58","modified_gmt":"2024-07-29T13:18:58","slug":"was-fuer-ein-zirkus-unser-bildungshausprojekt-mit-der-kita-kirchaecker","status":"publish","type":"post","link":"https:\/\/lindenschule-hohenacker.de\/site\/was-fuer-ein-zirkus-unser-bildungshausprojekt-mit-der-kita-kirchaecker\/","title":{"rendered":"Was f\u00fcr ein Zirkus! \u2013 Unser Bildungshausprojekt mit der KiTa Kirch\u00e4cker"},"content":{"rendered":"<p>[et_pb_section fb_built=&#8220;1&#8243; _builder_version=&#8220;4.17.6&#8243; _module_preset=&#8220;default&#8220; global_colors_info=&#8220;{}&#8220;][et_pb_row _builder_version=&#8220;4.17.6&#8243; _module_preset=&#8220;default&#8220; global_colors_info=&#8220;{}&#8220;][et_pb_column type=&#8220;4_4&#8243; _builder_version=&#8220;4.17.6&#8243; _module_preset=&#8220;default&#8220; global_colors_info=&#8220;{}&#8220;][et_pb_text _builder_version=&#8220;4.23.1&#8243; _module_preset=&#8220;default&#8220; text_orientation=&#8220;justified&#8220; global_colors_info=&#8220;{}&#8220;]<\/p>\n<p>Dieses Jahr w\u00e4hlte die KiTa Kirch\u00e4cker in ihrer Projektwoche im Rahmen des Bildungshauses das Thema &#8222;Zirkus&#8220; aus und die Igel schlossen sich begeistert an. An vier Terminen konnten wir so das Thema vielseitig kennenlernen.<\/p>\n<p>Bereits der erste Tag des Projekts begann sportlich-aktiv mit einer Zirkus-Bewegungslandschaft, die sich die Kinder der Igelklasse f\u00fcr die KiTa-Kinder ausgedacht hatten. In der Sporthalle sprangen Igel und KiTakinder als L\u00f6wen durch den L\u00f6wenparkour, trainierten an der Seilt\u00e4nzerstation ihr Gleichgewicht und \u00fcbten lustige Spr\u00fcnge an der Clownstation. Die Jonglierstation mit T\u00fcchern wurde kurzerhand zur Artistengarderobe umfunktioniert. Schon bald entstanden dort kunterbunte R\u00f6cke, Sch\u00e4rpen und Halsb\u00e4nder, die dem Zirkusauftritt der Kinder den letzten Feinschliff verliehen.<\/p>\n<p><img loading=\"lazy\" decoding=\"async\" class=\"wp-image-243391 size-medium aligncenter\" src=\"https:\/\/lindenschule-hohenacker.de\/site\/wp-content\/uploads\/2024\/02\/IMG_4300-300x225.jpg\" alt=\"\" width=\"300\" height=\"225\" \/><\/p>\n<p><img loading=\"lazy\" decoding=\"async\" class=\"wp-image-243390 size-medium aligncenter\" src=\"https:\/\/lindenschule-hohenacker.de\/site\/wp-content\/uploads\/2024\/02\/IMG_4299-300x225.jpg\" alt=\"\" width=\"300\" height=\"225\" \/><\/p>\n<p>Am zweiten und dritten Termin wurde es wieder kunterbunt, aber dieses Mal beim Basteln. Wir malten Clowns mit Wasserfarben, und pusteten dann verr\u00fcckte Frisuren mit R\u00f6hrchen. Beim 3. Termin brachten die KiTa-Kinder uns selbstgebackene Kekse mit. Gemeinsam gestalteten wir daraus aus Zuckerguss, Schokolade und vielen Smarties lustige Clownsgesichter.<\/p>\n<p><img loading=\"lazy\" decoding=\"async\" class=\"wp-image-243386 size-medium aligncenter\" src=\"https:\/\/lindenschule-hohenacker.de\/site\/wp-content\/uploads\/2024\/02\/IMG_4295-300x225.jpg\" alt=\"\" width=\"300\" height=\"225\" \/><\/p>\n<p><img loading=\"lazy\" decoding=\"async\" class=\"wp-image-243389 size-medium aligncenter\" src=\"https:\/\/lindenschule-hohenacker.de\/site\/wp-content\/uploads\/2024\/02\/IMG_4298-225x300.jpg\" alt=\"\" width=\"225\" height=\"300\" \/><\/p>\n<p>Der letzte Termin unseres Projektes fand am Tag vor Fasching statt. Eine Clownin besuchte uns an der Lindenschule!<\/p>\n<p><img loading=\"lazy\" decoding=\"async\" class=\"wp-image-243388 size-medium aligncenter\" src=\"https:\/\/lindenschule-hohenacker.de\/site\/wp-content\/uploads\/2024\/02\/IMG_4297-225x300.jpg\" alt=\"\" width=\"225\" height=\"300\" \/><br \/>\nDie Kinder hatten viel Spa\u00df, als diese die einzelnen Schulf\u00e4cher mit viel Witz und Mitmachm\u00f6glichkeiten gestaltete. So wurde Mathe mit dem Meterstab in lustigen Formen beigebracht, in Kunst falteten die Kinder dann ein Boot aus Papier und lauschten einer Geschichte. Auch ein Zaubertrick, bei welchem die Clownin eine Karte der Kinder erriet, verbl\u00fcffte die Igel und KiTa-Kinder.<\/p>\n<p><img loading=\"lazy\" decoding=\"async\" class=\"wp-image-243384 size-medium aligncenter\" src=\"https:\/\/lindenschule-hohenacker.de\/site\/wp-content\/uploads\/2024\/02\/878713f8-c847-402c-9dd7-8f6d5ff6ff88-225x300.jpg\" alt=\"\" width=\"225\" height=\"300\" \/><br \/>\nEin besonderes Highlight war auch der clownische Musikunterricht. Die Clownin gr\u00fcndete kurzerhand eine Sch\u00fclerband, die mit ihr auftreten durfte. Statt langweiliger Gitarristen oder Trommlern gab es dabei jedoch eine Muhdosen-Musikmacherin, Glockengebimmel, Ratschenr\u00e4tscher und professionelle Fahnen-Schwinger. Gesungen wurde in eine Klob\u00fcrste, die kurzerhand in ein Mikrophon umfunktioniert wurde. Was ein Spa\u00df!<\/p>\n<p><img loading=\"lazy\" decoding=\"async\" class=\"wp-image-243387 size-medium aligncenter\" src=\"https:\/\/lindenschule-hohenacker.de\/site\/wp-content\/uploads\/2024\/02\/IMG_4296-300x225.jpg\" alt=\"\" width=\"300\" height=\"225\" \/><br \/>\nDas wirklich tolle Projekt machte uns allen viel Spa\u00df, und stimmte uns schnell auf den Fasching ein. Wir bedanken uns herzlich bei der KiTa f\u00fcr die tolle Idee! Danke, dass wir dabei sein durften!<\/p>\n<p>S. Barek<\/p>\n<p>[\/et_pb_text][\/et_pb_column][\/et_pb_row][\/et_pb_section]<\/p>\n","protected":false},"excerpt":{"rendered":"<p>Dieses Jahr w\u00e4hlte die KiTa Kirch\u00e4cker in ihrer Projektwoche im Rahmen des Bildungshauses das Thema &#8222;Zirkus&#8220; aus und die Igel schlossen sich begeistert an. An vier Terminen konnten wir so [&hellip;]<\/p>\n","protected":false},"author":2,"featured_media":243385,"comment_status":"closed","ping_status":"open","sticky":false,"template":"","format":"standard","meta":{"_et_pb_use_builder":"on","_et_pb_old_content":"","_et_gb_content_width":"","footnotes":""},"categories":[20],"tags":[21],"class_list":["post-243381","post","type-post","status-publish","format-standard","has-post-thumbnail","hentry","category-aktionen-im-bildungshaus","tag-bildungshaus"],"_links":{"self":[{"href":"https:\/\/lindenschule-hohenacker.de\/site\/wp-json\/wp\/v2\/posts\/243381","targetHints":{"allow":["GET"]}}],"collection":[{"href":"https:\/\/lindenschule-hohenacker.de\/site\/wp-json\/wp\/v2\/posts"}],"about":[{"href":"https:\/\/lindenschule-hohenacker.de\/site\/wp-json\/wp\/v2\/types\/post"}],"author":[{"embeddable":true,"href":"https:\/\/lindenschule-hohenacker.de\/site\/wp-json\/wp\/v2\/users\/2"}],"replies":[{"embeddable":true,"href":"https:\/\/lindenschule-hohenacker.de\/site\/wp-json\/wp\/v2\/comments?post=243381"}],"version-history":[{"count":4,"href":"https:\/\/lindenschule-hohenacker.de\/site\/wp-json\/wp\/v2\/posts\/243381\/revisions"}],"predecessor-version":[{"id":244006,"href":"https:\/\/lindenschule-hohenacker.de\/site\/wp-json\/wp\/v2\/posts\/243381\/revisions\/244006"}],"wp:featuredmedia":[{"embeddable":true,"href":"https:\/\/lindenschule-hohenacker.de\/site\/wp-json\/wp\/v2\/media\/243385"}],"wp:attachment":[{"href":"https:\/\/lindenschule-hohenacker.de\/site\/wp-json\/wp\/v2\/media?parent=243381"}],"wp:term":[{"taxonomy":"category","embeddable":true,"href":"https:\/\/lindenschule-hohenacker.de\/site\/wp-json\/wp\/v2\/categories?post=243381"},{"taxonomy":"post_tag","embeddable":true,"href":"https:\/\/lindenschule-hohenacker.de\/site\/wp-json\/wp\/v2\/tags?post=243381"}],"curies":[{"name":"wp","href":"https:\/\/api.w.org\/{rel}","templated":true}]}}