{"id":244610,"date":"2024-12-08T19:52:09","date_gmt":"2024-12-08T18:52:09","guid":{"rendered":"https:\/\/lindenschule-hohenacker.de\/site\/?p=244610"},"modified":"2024-12-08T19:52:19","modified_gmt":"2024-12-08T18:52:19","slug":"2-hohenacker-adventsmarkt-die-gtb-war-mit-dabei","status":"publish","type":"post","link":"https:\/\/lindenschule-hohenacker.de\/site\/2-hohenacker-adventsmarkt-die-gtb-war-mit-dabei\/","title":{"rendered":"2. Hohenacker Adventsmarkt \u2013 Die GTB war mit dabei!"},"content":{"rendered":"<p>[et_pb_section fb_built=&#8220;1&#8243; _builder_version=&#8220;4.17.6&#8243; _module_preset=&#8220;default&#8220; global_colors_info=&#8220;{}&#8220; theme_builder_area=&#8220;post_content&#8220;][et_pb_row _builder_version=&#8220;4.17.6&#8243; _module_preset=&#8220;default&#8220; global_colors_info=&#8220;{}&#8220; theme_builder_area=&#8220;post_content&#8220;][et_pb_column type=&#8220;4_4&#8243; _builder_version=&#8220;4.17.6&#8243; _module_preset=&#8220;default&#8220; global_colors_info=&#8220;{}&#8220; theme_builder_area=&#8220;post_content&#8220;][et_pb_text _builder_version=&#8220;4.27.0&#8243; _module_preset=&#8220;default&#8220; text_orientation=&#8220;justified&#8220; hover_enabled=&#8220;0&#8243; global_colors_info=&#8220;{}&#8220; theme_builder_area=&#8220;post_content&#8220; sticky_enabled=&#8220;0&#8243;]<\/p>\n<p>Beim 2. Hohenacker Adventsmarkt am 23.11.2024 hat die GTB, wie bereits beim ersten Adventsmarkt im letzten Jahr, die Waffelb\u00e4ckerei betrieben.\u00a0 In wunderbarer Atmosph\u00e4re kamen die neuen Waffeleisen, die F\u00f6rderverein und Elternbeirat dieses Jahr angeschafft haben, am Stand der GTB erstmalig zum Einsatz. Nach ein wenig \u00dcbung mit den neuen, schnellen Ger\u00e4ten und dem Umgang mit den Puderzuckerm\u00fchlen, konnten die Waffeln sehr schnell \u00fcber die Theke wandern. Bereits beim Rathaus war der Duft der frischen Waffeln wahrzunehmen und somit kamen viele gro\u00dfe und kleine Genie\u00dfer zu unseren flei\u00dfigen Waffelb\u00e4ckern und Waffelb\u00e4ckerinnen. Insgesamt 290 Waffeln konnten, mit Hilfe der Waffelspenden von 17 Familien (rund 35 Kilogramm Teig), verkauft werden.<\/p>\n<p>Wir freuen uns, dass dieses Event ein gro\u00dfer Erfolg war.<\/p>\n<p><img loading=\"lazy\" decoding=\"async\" class=\"aligncenter wp-image-244613 size-medium\" src=\"https:\/\/lindenschule-hohenacker.de\/site\/wp-content\/uploads\/2024\/12\/Adventsmaerktle-1-300x225.jpg\" alt=\"\" width=\"300\" height=\"225\" \/><\/p>\n<p>Vielen Dank an alle Mitarbeiterinnen der GTB, an Herrn Krommer, sowie die Eltern, die bei der gesamten Aktion unterst\u00fctzt haben.<\/p>\n<p>&nbsp;<\/p>\n<p>Tina Steng (Leitung) und Anne B\u00fcrckel (1. Elternbeirat)<\/p>\n<p>[\/et_pb_text][\/et_pb_column][\/et_pb_row][\/et_pb_section]<\/p>\n","protected":false},"excerpt":{"rendered":"<p>Beim 2. Hohenacker Adventsmarkt am 23.11.2024 hat die GTB, wie bereits beim ersten Adventsmarkt im letzten Jahr, die Waffelb\u00e4ckerei betrieben.\u00a0 In wunderbarer Atmosph\u00e4re kamen die neuen Waffeleisen, die F\u00f6rderverein und [&hellip;]<\/p>\n","protected":false},"author":2,"featured_media":244614,"comment_status":"closed","ping_status":"open","sticky":false,"template":"","format":"standard","meta":{"_et_pb_use_builder":"on","_et_pb_old_content":"","_et_gb_content_width":"","footnotes":""},"categories":[36],"tags":[155,65],"class_list":["post-244610","post","type-post","status-publish","format-standard","has-post-thumbnail","hentry","category-aktionen-der-gtb","tag-adventsmarkt","tag-gtb"],"_links":{"self":[{"href":"https:\/\/lindenschule-hohenacker.de\/site\/wp-json\/wp\/v2\/posts\/244610","targetHints":{"allow":["GET"]}}],"collection":[{"href":"https:\/\/lindenschule-hohenacker.de\/site\/wp-json\/wp\/v2\/posts"}],"about":[{"href":"https:\/\/lindenschule-hohenacker.de\/site\/wp-json\/wp\/v2\/types\/post"}],"author":[{"embeddable":true,"href":"https:\/\/lindenschule-hohenacker.de\/site\/wp-json\/wp\/v2\/users\/2"}],"replies":[{"embeddable":true,"href":"https:\/\/lindenschule-hohenacker.de\/site\/wp-json\/wp\/v2\/comments?post=244610"}],"version-history":[{"count":2,"href":"https:\/\/lindenschule-hohenacker.de\/site\/wp-json\/wp\/v2\/posts\/244610\/revisions"}],"predecessor-version":[{"id":244615,"href":"https:\/\/lindenschule-hohenacker.de\/site\/wp-json\/wp\/v2\/posts\/244610\/revisions\/244615"}],"wp:featuredmedia":[{"embeddable":true,"href":"https:\/\/lindenschule-hohenacker.de\/site\/wp-json\/wp\/v2\/media\/244614"}],"wp:attachment":[{"href":"https:\/\/lindenschule-hohenacker.de\/site\/wp-json\/wp\/v2\/media?parent=244610"}],"wp:term":[{"taxonomy":"category","embeddable":true,"href":"https:\/\/lindenschule-hohenacker.de\/site\/wp-json\/wp\/v2\/categories?post=244610"},{"taxonomy":"post_tag","embeddable":true,"href":"https:\/\/lindenschule-hohenacker.de\/site\/wp-json\/wp\/v2\/tags?post=244610"}],"curies":[{"name":"wp","href":"https:\/\/api.w.org\/{rel}","templated":true}]}}