{"id":244885,"date":"2025-03-05T08:23:44","date_gmt":"2025-03-05T07:23:44","guid":{"rendered":"https:\/\/lindenschule-hohenacker.de\/site\/?p=244885"},"modified":"2025-03-05T08:24:40","modified_gmt":"2025-03-05T07:24:40","slug":"foerderverein-des-bildungshauses-neue-vorstaendinnen-stellen-sich-vor","status":"publish","type":"post","link":"https:\/\/lindenschule-hohenacker.de\/site\/foerderverein-des-bildungshauses-neue-vorstaendinnen-stellen-sich-vor\/","title":{"rendered":"F\u00f6rderverein des Bildungshauses: Neue Vorst\u00e4ndinnen stellen sich vor"},"content":{"rendered":"<p>[et_pb_section fb_built=&#8220;1&#8243; _builder_version=&#8220;4.17.6&#8243; _module_preset=&#8220;default&#8220; global_colors_info=&#8220;{}&#8220;][et_pb_row _builder_version=&#8220;4.17.6&#8243; _module_preset=&#8220;default&#8220; global_colors_info=&#8220;{}&#8220;][et_pb_column type=&#8220;4_4&#8243; _builder_version=&#8220;4.17.6&#8243; _module_preset=&#8220;default&#8220; global_colors_info=&#8220;{}&#8220;][et_pb_text _builder_version=&#8220;4.27.0&#8243; _module_preset=&#8220;default&#8220; text_orientation=&#8220;justified&#8220; global_colors_info=&#8220;{}&#8220;]<\/p>\n<div>\n<p>Ende Januar verabschiedeten wir den alten Vorstand des F\u00f6rdervereins des Bildungshauses Hohenacker. Nun m\u00f6chten wir uns Ihnen gerne als neue Vorst\u00e4ndinnen vorstellen. <br \/>Carolina Teotino-Tattko (Hauptansprechpartnerin St\u00e4dtische Kita &#8222;Kirch\u00e4cker&#8220; + Hort der Lindenschule), Magdalena Sch\u00fctt (Hauptansprechpartnerin Katholische Kirchengemeinde St. Maria Bild\u00e4ckerkindergarten), Cornelia Kuka-Wittke (Gesch\u00e4ftsstelle), Yvonne Kahl-Wiertz (Hauptansprechpartnerin Lindenschule), Christina Schlichter (Hauptansprechpartnerin Evangelischer Kindergarten Hohenacker) und Anke Kern.\u00a0<\/p>\n<p>Wir alle haben Kinder im Kindergarten- und\/oder Grundschulalter. Zum Gro\u00dfteil haben wir daher selbst bereits vom Bildungshaus profitieren k\u00f6nnen; haben erlebt, wie gro\u00dfartig es f\u00fcr die Vorsch\u00fcler*innen ist, die Schule im Vorfeld so gut kennenzulernen; wie viel Freude die Grundschulkinder beim Vorlesen im Rahmen des Frederick Tages haben; wie begeistert die Kinder in Kindergarten wie Grundschule j\u00e4hrlich vom Apfeltag sind. Daher liegt uns das Bildungshaus pers\u00f6nlich sehr am Herzen. Von diesem einzigartigen Konzept profitieren alle Familien mit Kindern in den Hohenacker Bildungseinrichtungen nachhaltig und tiefgreifend. Aus diesem Grund war es f\u00fcr uns selbstverst\u00e4ndlich, aktiv zu werden als der alte Vereinsvorstand im Fr\u00fchjahr 2024 auf die Suche nach Nachfolger*innen ging.<br \/>Wir freuen uns darauf, mit unserer Vereinsarbeit die Bildungschancen von Kindern im Kindergarten- und Grundschulalter zu verbessern sowie zum Gelingen des Bildungshauses beizutragen. <br \/>Wollen auch Sie helfen? Sprechen Sie uns gerne an und nutzen Sie unsere Webseite. Dort finden Sie weitere Informationen \u00fcber unsere Arbeit, unsere Veranstaltungen sowie den Mitgliedsantrag: <a href=\"http:\/\/www.foerderverein-bildungshaus-hohenacker.de\/\">www.foerderverein-bildungshaus-hohenacker.de\/<\/a><\/p>\n<\/div>\n<p>[\/et_pb_text][\/et_pb_column][\/et_pb_row][\/et_pb_section]<\/p>\n","protected":false},"excerpt":{"rendered":"<p>Ende Januar verabschiedeten wir den alten Vorstand des F\u00f6rdervereins des Bildungshauses Hohenacker. Nun m\u00f6chten wir uns Ihnen gerne als neue Vorst\u00e4ndinnen vorstellen. Carolina Teotino-Tattko (Hauptansprechpartnerin St\u00e4dtische Kita &#8222;Kirch\u00e4cker&#8220; + Hort [&hellip;]<\/p>\n","protected":false},"author":2,"featured_media":244880,"comment_status":"closed","ping_status":"open","sticky":false,"template":"","format":"standard","meta":{"_et_pb_use_builder":"on","_et_pb_old_content":"","_et_gb_content_width":"","footnotes":""},"categories":[6],"tags":[152],"class_list":["post-244885","post","type-post","status-publish","format-standard","has-post-thumbnail","hentry","category-aktuelles","tag-bildungshaus-foerderverein"],"_links":{"self":[{"href":"https:\/\/lindenschule-hohenacker.de\/site\/wp-json\/wp\/v2\/posts\/244885","targetHints":{"allow":["GET"]}}],"collection":[{"href":"https:\/\/lindenschule-hohenacker.de\/site\/wp-json\/wp\/v2\/posts"}],"about":[{"href":"https:\/\/lindenschule-hohenacker.de\/site\/wp-json\/wp\/v2\/types\/post"}],"author":[{"embeddable":true,"href":"https:\/\/lindenschule-hohenacker.de\/site\/wp-json\/wp\/v2\/users\/2"}],"replies":[{"embeddable":true,"href":"https:\/\/lindenschule-hohenacker.de\/site\/wp-json\/wp\/v2\/comments?post=244885"}],"version-history":[{"count":3,"href":"https:\/\/lindenschule-hohenacker.de\/site\/wp-json\/wp\/v2\/posts\/244885\/revisions"}],"predecessor-version":[{"id":244889,"href":"https:\/\/lindenschule-hohenacker.de\/site\/wp-json\/wp\/v2\/posts\/244885\/revisions\/244889"}],"wp:featuredmedia":[{"embeddable":true,"href":"https:\/\/lindenschule-hohenacker.de\/site\/wp-json\/wp\/v2\/media\/244880"}],"wp:attachment":[{"href":"https:\/\/lindenschule-hohenacker.de\/site\/wp-json\/wp\/v2\/media?parent=244885"}],"wp:term":[{"taxonomy":"category","embeddable":true,"href":"https:\/\/lindenschule-hohenacker.de\/site\/wp-json\/wp\/v2\/categories?post=244885"},{"taxonomy":"post_tag","embeddable":true,"href":"https:\/\/lindenschule-hohenacker.de\/site\/wp-json\/wp\/v2\/tags?post=244885"}],"curies":[{"name":"wp","href":"https:\/\/api.w.org\/{rel}","templated":true}]}}