{"id":245029,"date":"2025-04-07T18:31:46","date_gmt":"2025-04-07T16:31:46","guid":{"rendered":"https:\/\/lindenschule-hohenacker.de\/site\/?p=245029"},"modified":"2025-04-08T15:35:47","modified_gmt":"2025-04-08T13:35:47","slug":"friday-night-fever-ii-schuldisco-04-04-2025","status":"publish","type":"post","link":"https:\/\/lindenschule-hohenacker.de\/site\/friday-night-fever-ii-schuldisco-04-04-2025\/","title":{"rendered":"Friday Night Fever II \u2013 Schuldisco 04.04.2025"},"content":{"rendered":"<p>[et_pb_section fb_built=&#8220;1&#8243; _builder_version=&#8220;4.17.6&#8243; _module_preset=&#8220;default&#8220; global_colors_info=&#8220;{}&#8220;][et_pb_row _builder_version=&#8220;4.17.6&#8243; _module_preset=&#8220;default&#8220; global_colors_info=&#8220;{}&#8220;][et_pb_column type=&#8220;4_4&#8243; _builder_version=&#8220;4.17.6&#8243; _module_preset=&#8220;default&#8220; global_colors_info=&#8220;{}&#8220;][et_pb_text _builder_version=&#8220;4.27.0&#8243; _module_preset=&#8220;default&#8220; text_orientation=&#8220;justified&#8220; hover_enabled=&#8220;0&#8243; global_colors_info=&#8220;{}&#8220; sticky_enabled=&#8220;0&#8243;]<\/p>\n<p class=\"ydp9cb750MsoNormal\">Nach dem gro\u00dfen Erfolg im Jahre 2023 war es wieder Zeit f\u00fcr unsere Lindenschuldisco!<\/p>\n<p class=\"ydp9cb750MsoNormal\">Am Freitag, den 04.04.2025 verwandelten das Team vom Ideenpool das B\u00fcrgerhaus in eine Party-Location der besonderen Art \u2013 die 2. Schuldisco der Lindenschule.<\/p>\n<p>Wie auch beim letzten Mal durfte eine professionelle Musikanlage samt DJ und eine Nebelmaschine nicht fehlen. Somit wurde das Team von fun&amp;dance gebucht.<\/p>\n<p>Es bildete sich schon lange vor 18.00 Uhr eine gro\u00dfe Schlange am Eingang des B\u00fcrgerhauses mit 128 kleinen Discog\u00e4nger*innen. Punkt 18.00 Uhr wurden dann die T\u00fcren ge\u00f6ffnet. Nach Abgabe der Eintrittskarte und Erhalt eines Stempels, wurde die Tanzfl\u00e4che gest\u00fcrmt.<\/p>\n<p>Nadine und Daniel Zambon von der Tanzschule fun&amp;dance in Waiblingen konnten die Sch\u00fcler*innen von der ersten Minute an begeistern. Das Parkett qualmte unter den tanzbegeisterten F\u00fc\u00dfen unser Sch\u00fcler*innen.<\/p>\n<p><img loading=\"lazy\" decoding=\"async\" class=\"aligncenter wp-image-245039 size-medium\" src=\"https:\/\/lindenschule-hohenacker.de\/site\/wp-content\/uploads\/2025\/04\/IMG_7939-300x225.jpg\" alt=\"\" width=\"300\" height=\"225\" \/><\/p>\n<p><img loading=\"lazy\" decoding=\"async\" class=\"aligncenter wp-image-245042 size-medium\" src=\"https:\/\/lindenschule-hohenacker.de\/site\/wp-content\/uploads\/2025\/04\/IMG_7942-300x225.jpg\" alt=\"\" width=\"300\" height=\"225\" \/><\/p>\n<p><img loading=\"lazy\" decoding=\"async\" class=\"aligncenter wp-image-245048 size-medium\" src=\"https:\/\/lindenschule-hohenacker.de\/site\/wp-content\/uploads\/2025\/04\/IMG_7948-300x225.jpg\" alt=\"\" width=\"300\" height=\"225\" \/><\/p>\n<p class=\"ydp9cb750MsoNormal\">Die Snacks wie Gummib\u00e4ren, Salzbrezeln, Chips usw. gespendet vom Ideenpool, wurden liebevoll am Buffet zum kostenlosen Verzehr bereitgestellt. Getr\u00e4nke wie Wasser mit und ohne Kohlens\u00e4ure und Apfelschorle gab es f\u00fcr nur 1 \u20ac zum Kauf.<\/p>\n<p><img loading=\"lazy\" decoding=\"async\" class=\"aligncenter wp-image-245034 size-medium\" src=\"https:\/\/lindenschule-hohenacker.de\/site\/wp-content\/uploads\/2025\/04\/e663e8fe-5a90-4155-a111-57befb08e8c0-300x135.jpg\" alt=\"\" width=\"300\" height=\"135\" \/><\/p>\n<p><img loading=\"lazy\" decoding=\"async\" class=\"aligncenter wp-image-245037 size-medium\" src=\"https:\/\/lindenschule-hohenacker.de\/site\/wp-content\/uploads\/2025\/04\/IMG_7937-225x300.jpg\" alt=\"\" width=\"225\" height=\"300\" srcset=\"https:\/\/lindenschule-hohenacker.de\/site\/wp-content\/uploads\/2025\/04\/IMG_7937-225x300.jpg 225w, https:\/\/lindenschule-hohenacker.de\/site\/wp-content\/uploads\/2025\/04\/IMG_7937.jpg 480w\" sizes=\"(max-width: 225px) 100vw, 225px\" \/><\/p>\n<p class=\"ydp9cb750MsoNormal\">Um 19:30 Uhr konnten die Eltern zu diesem gro\u00dfartigen Event bis 20:00 Uhr dazusto\u00dfen und mittanzen. Zum Abschluss tanzten alle nochmal unseren Schultanz zusammen.<\/p>\n<p class=\"ydp9cb750MsoNormal\">Wir m\u00f6chten uns nochmal herzlich bei allen Mitwirkenden und dem gesamten Ideenpool-Team bedanken. Dieses fantastische Event w\u00e4re ohne die gute Zusammenarbeit nicht m\u00f6glich gewesen. DANKE daf\u00fcr!<\/p>\n<p class=\"ydp9cb750MsoNormal\">Aber auch ein ganz gro\u00dfes DANKE an all die mittanzenden Kids, die mit ihren strahlenden Gesichtern uns gezeigt haben, das wir genau ins Schwarze getroffen hatten.<\/p>\n<p class=\"ydp9cb750MsoNormal\">G\u00fcl Di Nauta &amp; Verena Kojetinsky<\/p>\n<p>[\/et_pb_text][\/et_pb_column][\/et_pb_row][\/et_pb_section]<\/p>\n","protected":false},"excerpt":{"rendered":"<p>Nach dem gro\u00dfen Erfolg im Jahre 2023 war es wieder Zeit f\u00fcr unsere Lindenschuldisco! Am Freitag, den 04.04.2025 verwandelten das Team vom Ideenpool das B\u00fcrgerhaus in eine Party-Location der besonderen [&hellip;]<\/p>\n","protected":false},"author":2,"featured_media":245050,"comment_status":"closed","ping_status":"open","sticky":false,"template":"","format":"standard","meta":{"_et_pb_use_builder":"on","_et_pb_old_content":"","_et_gb_content_width":"","footnotes":""},"categories":[23],"tags":[41,122],"class_list":["post-245029","post","type-post","status-publish","format-standard","has-post-thumbnail","hentry","category-aktionen-der-lindenschule","tag-ideenpool","tag-schuldisco"],"_links":{"self":[{"href":"https:\/\/lindenschule-hohenacker.de\/site\/wp-json\/wp\/v2\/posts\/245029","targetHints":{"allow":["GET"]}}],"collection":[{"href":"https:\/\/lindenschule-hohenacker.de\/site\/wp-json\/wp\/v2\/posts"}],"about":[{"href":"https:\/\/lindenschule-hohenacker.de\/site\/wp-json\/wp\/v2\/types\/post"}],"author":[{"embeddable":true,"href":"https:\/\/lindenschule-hohenacker.de\/site\/wp-json\/wp\/v2\/users\/2"}],"replies":[{"embeddable":true,"href":"https:\/\/lindenschule-hohenacker.de\/site\/wp-json\/wp\/v2\/comments?post=245029"}],"version-history":[{"count":4,"href":"https:\/\/lindenschule-hohenacker.de\/site\/wp-json\/wp\/v2\/posts\/245029\/revisions"}],"predecessor-version":[{"id":245057,"href":"https:\/\/lindenschule-hohenacker.de\/site\/wp-json\/wp\/v2\/posts\/245029\/revisions\/245057"}],"wp:featuredmedia":[{"embeddable":true,"href":"https:\/\/lindenschule-hohenacker.de\/site\/wp-json\/wp\/v2\/media\/245050"}],"wp:attachment":[{"href":"https:\/\/lindenschule-hohenacker.de\/site\/wp-json\/wp\/v2\/media?parent=245029"}],"wp:term":[{"taxonomy":"category","embeddable":true,"href":"https:\/\/lindenschule-hohenacker.de\/site\/wp-json\/wp\/v2\/categories?post=245029"},{"taxonomy":"post_tag","embeddable":true,"href":"https:\/\/lindenschule-hohenacker.de\/site\/wp-json\/wp\/v2\/tags?post=245029"}],"curies":[{"name":"wp","href":"https:\/\/api.w.org\/{rel}","templated":true}]}}