{"id":245582,"date":"2025-09-22T18:00:03","date_gmt":"2025-09-22T16:00:03","guid":{"rendered":"https:\/\/lindenschule-hohenacker.de\/site\/?p=245582"},"modified":"2025-10-01T16:11:10","modified_gmt":"2025-10-01T14:11:10","slug":"unsere-sommerferien-in-der-schulkindbetreuung-abenteuer-spass-und-bastelspass","status":"publish","type":"post","link":"https:\/\/lindenschule-hohenacker.de\/site\/unsere-sommerferien-in-der-schulkindbetreuung-abenteuer-spass-und-bastelspass\/","title":{"rendered":"Unsere Sommerferien in der Schulkindbetreuung \u2013 Abenteuer, Spa\u00df und Bastelspa\u00df!"},"content":{"rendered":"<p>[et_pb_section fb_built=&#8220;1&#8243; _builder_version=&#8220;4.17.6&#8243; _module_preset=&#8220;default&#8220; global_colors_info=&#8220;{}&#8220;][et_pb_row _builder_version=&#8220;4.17.6&#8243; _module_preset=&#8220;default&#8220; global_colors_info=&#8220;{}&#8220;][et_pb_column type=&#8220;4_4&#8243; _builder_version=&#8220;4.17.6&#8243; _module_preset=&#8220;default&#8220; global_colors_info=&#8220;{}&#8220;][et_pb_text _builder_version=&#8220;4.27.0&#8243; _module_preset=&#8220;default&#8220; text_orientation=&#8220;justified&#8220; global_colors_info=&#8220;{}&#8220;]<\/p>\n<p>Nach vier Wochen Schlie\u00dfzeit waren wir alle ganz aufgeregt und froh, endlich wieder unsere liebsten Spielsachen auspacken zu k\u00f6nnen. Und was uns direkt aufgefallen ist: Unser neuer Boden sieht richtig toll aus! Anfangs hat er beim Laufen ganz sch\u00f6n gequietscht \u2013 das war so lustig, dass wir fast vor Lachen vom Stuhl gefallen w\u00e4ren.<\/p>\n<p>Weil wir vor den Ferien alles blitzeblank aufger\u00e4umt hatten, konnten wir direkt loslegen mit einem richtig coolen Projekt: Wir haben gemeinsam die Fenster im ganzen Hort mit bunter Herbstdeko versch\u00f6nert. Alle Kids waren mit Feuereifer dabei, haben gebastelt, geklebt und gemalt \u2013 jetzt sieht unser Hort aus wie ein echter Herbsttraum!<\/p>\n<p>Am Dienstag ging\u2019s dann auf Entdeckungsreise ins Haus der Stadtgeschichte in Waiblingen. Dort haben wir so viele spannende Dinge \u00fcber unsere Stadt gelernt, dass wir am liebsten gar nicht mehr nach Hause wollten. Besonders wackelig war\u2019s im obersten Stockwerk \u2013 da ist alles schief, sogar der Boden! Da hie\u00df es: Balance halten, sonst f\u00e4llt man fast um. Zum kr\u00f6nenden Abschluss durfte jedes Kind ein schickes Leders\u00e4ckchen basteln und stolz mit nach Hause nehmen \u2013 ein echtes Unikat!<\/p>\n<p>Am Mittwoch haben wir uns trotz miesem Wetter auf den Weg zum Waldspielplatz in Backnang gemacht. Dort gab\u2019s richtig viel zu entdecken! Im Wildgehege haben wir nach etwas Suche sogar ein paar Rehe gesehen \u2013 und als w\u00e4re das nicht schon toll genug, hatten wir das Gl\u00fcck, ganz nah einen Hirsch zu beobachten. Die Murmelbahn konnten wir auch benutzen, obwohl das Holz nass war \u2013 vielleicht war die Bahn deshalb sogar noch schneller und spannender! Als wir dann auf dem Spielplatz angekommen sind, hatten wir den fast ganz f\u00fcr uns alleine, weil kaum jemand bei dem Wetter drau\u00dfen war. So konnten wir ganz viel spielen und sogar die ersten Kastanien sammeln.<\/p>\n<p>Das waren unsere Ferien \u2013 voller Spa\u00df, Abenteuer und neuen Entdeckungen. Wir freuen uns schon auf die n\u00e4chsten gemeinsamen Aktionen!<\/p>\n<p>&nbsp;<\/p>\n<p>[\/et_pb_text][et_pb_gallery gallery_ids=&#8220;245589,245590,245591,245592,245593,245594&#8243; posts_number=&#8220;6&#8243; show_title_and_caption=&#8220;off&#8220; show_pagination=&#8220;off&#8220; _builder_version=&#8220;4.27.0&#8243; _module_preset=&#8220;default&#8220; global_colors_info=&#8220;{}&#8220;][\/et_pb_gallery][\/et_pb_column][\/et_pb_row][\/et_pb_section]<\/p>\n","protected":false},"excerpt":{"rendered":"<p>Nach vier Wochen Schlie\u00dfzeit waren wir alle ganz aufgeregt und froh, endlich wieder unsere liebsten Spielsachen auspacken zu k\u00f6nnen. Und was uns direkt aufgefallen ist: Unser neuer Boden sieht richtig [&hellip;]<\/p>\n","protected":false},"author":2,"featured_media":245588,"comment_status":"closed","ping_status":"open","sticky":false,"template":"","format":"standard","meta":{"_et_pb_use_builder":"on","_et_pb_old_content":"","_et_gb_content_width":"","footnotes":""},"categories":[36],"tags":[65,198],"class_list":["post-245582","post","type-post","status-publish","format-standard","has-post-thumbnail","hentry","category-aktionen-der-gtb","tag-gtb","tag-sommerferienprogramm"],"_links":{"self":[{"href":"https:\/\/lindenschule-hohenacker.de\/site\/wp-json\/wp\/v2\/posts\/245582","targetHints":{"allow":["GET"]}}],"collection":[{"href":"https:\/\/lindenschule-hohenacker.de\/site\/wp-json\/wp\/v2\/posts"}],"about":[{"href":"https:\/\/lindenschule-hohenacker.de\/site\/wp-json\/wp\/v2\/types\/post"}],"author":[{"embeddable":true,"href":"https:\/\/lindenschule-hohenacker.de\/site\/wp-json\/wp\/v2\/users\/2"}],"replies":[{"embeddable":true,"href":"https:\/\/lindenschule-hohenacker.de\/site\/wp-json\/wp\/v2\/comments?post=245582"}],"version-history":[{"count":4,"href":"https:\/\/lindenschule-hohenacker.de\/site\/wp-json\/wp\/v2\/posts\/245582\/revisions"}],"predecessor-version":[{"id":245624,"href":"https:\/\/lindenschule-hohenacker.de\/site\/wp-json\/wp\/v2\/posts\/245582\/revisions\/245624"}],"wp:featuredmedia":[{"embeddable":true,"href":"https:\/\/lindenschule-hohenacker.de\/site\/wp-json\/wp\/v2\/media\/245588"}],"wp:attachment":[{"href":"https:\/\/lindenschule-hohenacker.de\/site\/wp-json\/wp\/v2\/media?parent=245582"}],"wp:term":[{"taxonomy":"category","embeddable":true,"href":"https:\/\/lindenschule-hohenacker.de\/site\/wp-json\/wp\/v2\/categories?post=245582"},{"taxonomy":"post_tag","embeddable":true,"href":"https:\/\/lindenschule-hohenacker.de\/site\/wp-json\/wp\/v2\/tags?post=245582"}],"curies":[{"name":"wp","href":"https:\/\/api.w.org\/{rel}","templated":true}]}}