{"id":245852,"date":"2025-12-01T17:14:02","date_gmt":"2025-12-01T16:14:02","guid":{"rendered":"https:\/\/lindenschule-hohenacker.de\/site\/?p=245852"},"modified":"2025-12-01T17:14:06","modified_gmt":"2025-12-01T16:14:06","slug":"herbstferienprogramm-der-gtb","status":"publish","type":"post","link":"https:\/\/lindenschule-hohenacker.de\/site\/herbstferienprogramm-der-gtb\/","title":{"rendered":"Herbstferienprogramm der GTB"},"content":{"rendered":"<p>[et_pb_section fb_built=&#8220;1&#8243; _builder_version=&#8220;4.17.6&#8243; _module_preset=&#8220;default&#8220; global_colors_info=&#8220;{}&#8220; theme_builder_area=&#8220;post_content&#8220;][et_pb_row _builder_version=&#8220;4.17.6&#8243; _module_preset=&#8220;default&#8220; global_colors_info=&#8220;{}&#8220; theme_builder_area=&#8220;post_content&#8220;][et_pb_column type=&#8220;4_4&#8243; _builder_version=&#8220;4.17.6&#8243; _module_preset=&#8220;default&#8220; global_colors_info=&#8220;{}&#8220; theme_builder_area=&#8220;post_content&#8220;][et_pb_text _builder_version=&#8220;4.27.4&#8243; _module_preset=&#8220;default&#8220; text_orientation=&#8220;justified&#8220; hover_enabled=&#8220;0&#8243; global_colors_info=&#8220;{}&#8220; theme_builder_area=&#8220;post_content&#8220; sticky_enabled=&#8220;0&#8243;]<\/p>\n<p>Liebe Eltern, liebe Kinder,<br \/>was f\u00fcr eine fantastische Ferienwoche liegt hinter uns! Wir durften miteinander lachen, staunen, entdecken \u2013 und manchmal auch ein kleines bisschen gruseln. Hier kommt unser kleiner R\u00fcckblick auf eine Woche voller Abenteuer, Experimente und Halloween-Zauber:<\/p>\n<p><em><strong>Montag \u2013 Der Tag der kleinen Forscherinnen und Forscher\u2028<\/strong><\/em><\/p>\n<p>Zum Wochenstart ging es gleich richtig los: Die Kinder konnten an verschiedenen Stationen ihrer Neugier freien Lauf lassen. Beim Wasserfiltern wurde geforscht wie echte Wissenschaftler, beim Experimentieren mit Stromkreisl\u00e4ufen blitzten nicht nur kleine L\u00e4mpchen, sondern auch die Augen der Kinder, und beim Maskenbasteln entstanden die kreativsten Kunstwerke \u2013 von niedlich bis herrlich schaurig. Danach war freies Spielen angesagt, und der Hort verwandelte sich in ein lebhaftes Abenteuerland.<\/p>\n<p><em><strong>Dienstag \u2013 Ausflugstag f\u00fcr Klasse 1 &amp; 2\u2028<\/strong><\/em><\/p>\n<p>Die J\u00fcngeren machten sich auf ins Bl\u00fchende Barock. Bei der K\u00fcrbisausstellung wurden beeindruckende Fotos geschossen \u2013 so viele K\u00fcrbisse in so vielen Formen hat man wirklich nicht alle Tage! Im M\u00e4rchengarten ging es anschlie\u00dfend auf eine Reise in bekannte Geschichtenwelten.\u2028W\u00e4hrenddessen machten es sich Klasse 3 &amp; 4 in der Mensa gem\u00fctlich und schauten entspannt einen Film \u2013 Popcornfeeling inklusive.<\/p>\n<p><em><strong>Mittwoch \u2013 B\u00fccherduft und Geschichtenzauber\u2028In<\/strong> <\/em><\/p>\n<p>In kleinen Gruppen ging es in die B\u00fccherei in Hohenacker. Dort wurde ausgiebig geschm\u00f6kert, gest\u00f6bert und entdeckt. Zum Abschluss durften sich alle noch eine kleine Geschichte vorlesen lassen \u2013 ein ruhiger, gem\u00fctlicher und zugleich spannender Vormittag.<\/p>\n<p><em><strong>Donnerstag \u2013 Jetzt waren die Gro\u00dfen dran\u2028<\/strong><\/em><\/p>\n<p>Nun fuhren Klasse 3 &amp; 4 ins Bl\u00fchende Barock, erkundeten ebenfalls die beeindruckende K\u00fcrbisausstellung und lie\u00dfen sich im M\u00e4rchengarten von allerlei M\u00e4rchen verzaubern.\u2028Klasse 1 &amp; 2 hatten w\u00e4hrenddessen die Mensa f\u00fcr sich allein und verfolgten gespannt ihren Film \u2013 ein echtes VIP-Kinoerlebnis!<\/p>\n<p><em><strong>Freitag \u2013 Unser schaurig-sch\u00f6ner Abschluss\u2028<\/strong><\/em><\/p>\n<p>Zum Ende der Woche wurde es besonders bunt (und ein bisschen gruselig): Gemeinsam mit den Kindern zauberten wir ein schaurig sch\u00f6nes Buffet, bei dem nicht nur die Augen, sondern auch die M\u00e4gen staunen durften. Es gab Kinderschminken, bunte Anh\u00e4nger aus B\u00fcgelperlen, eine Tanzfl\u00e4che mit coolen Beats und \u2013 f\u00fcr alle Mutigen \u2013 die M\u00f6glichkeit, sich in eine echte Mumie verwandeln zu lassen. Wir hatten jede Menge Spa\u00df!<\/p>\n<p>&nbsp;<\/p>\n<p>[\/et_pb_text][\/et_pb_column][\/et_pb_row][\/et_pb_section]<\/p>\n","protected":false},"excerpt":{"rendered":"<p>Liebe Eltern, liebe Kinder,was f\u00fcr eine fantastische Ferienwoche liegt hinter uns! Wir durften miteinander lachen, staunen, entdecken \u2013 und manchmal auch ein kleines bisschen gruseln. Hier kommt unser kleiner R\u00fcckblick [&hellip;]<\/p>\n","protected":false},"author":2,"featured_media":0,"comment_status":"closed","ping_status":"open","sticky":false,"template":"","format":"standard","meta":{"_et_pb_use_builder":"on","_et_pb_old_content":"","_et_gb_content_width":"","footnotes":""},"categories":[36],"tags":[65,200],"class_list":["post-245852","post","type-post","status-publish","format-standard","hentry","category-aktionen-der-gtb","tag-gtb","tag-herbstferienprogramm"],"_links":{"self":[{"href":"https:\/\/lindenschule-hohenacker.de\/site\/wp-json\/wp\/v2\/posts\/245852","targetHints":{"allow":["GET"]}}],"collection":[{"href":"https:\/\/lindenschule-hohenacker.de\/site\/wp-json\/wp\/v2\/posts"}],"about":[{"href":"https:\/\/lindenschule-hohenacker.de\/site\/wp-json\/wp\/v2\/types\/post"}],"author":[{"embeddable":true,"href":"https:\/\/lindenschule-hohenacker.de\/site\/wp-json\/wp\/v2\/users\/2"}],"replies":[{"embeddable":true,"href":"https:\/\/lindenschule-hohenacker.de\/site\/wp-json\/wp\/v2\/comments?post=245852"}],"version-history":[{"count":2,"href":"https:\/\/lindenschule-hohenacker.de\/site\/wp-json\/wp\/v2\/posts\/245852\/revisions"}],"predecessor-version":[{"id":245856,"href":"https:\/\/lindenschule-hohenacker.de\/site\/wp-json\/wp\/v2\/posts\/245852\/revisions\/245856"}],"wp:attachment":[{"href":"https:\/\/lindenschule-hohenacker.de\/site\/wp-json\/wp\/v2\/media?parent=245852"}],"wp:term":[{"taxonomy":"category","embeddable":true,"href":"https:\/\/lindenschule-hohenacker.de\/site\/wp-json\/wp\/v2\/categories?post=245852"},{"taxonomy":"post_tag","embeddable":true,"href":"https:\/\/lindenschule-hohenacker.de\/site\/wp-json\/wp\/v2\/tags?post=245852"}],"curies":[{"name":"wp","href":"https:\/\/api.w.org\/{rel}","templated":true}]}}