{"id":245873,"date":"2025-12-08T18:43:47","date_gmt":"2025-12-08T17:43:47","guid":{"rendered":"https:\/\/lindenschule-hohenacker.de\/site\/?p=245873"},"modified":"2025-12-15T14:06:42","modified_gmt":"2025-12-15T13:06:42","slug":"weihnachtsmaerktle-an-der-lindenschule","status":"publish","type":"post","link":"https:\/\/lindenschule-hohenacker.de\/site\/weihnachtsmaerktle-an-der-lindenschule\/","title":{"rendered":"Weihnachtsm\u00e4rktle an der Lindenschule"},"content":{"rendered":"<p>[et_pb_section fb_built=&#8220;1&#8243; _builder_version=&#8220;4.17.6&#8243; _module_preset=&#8220;default&#8220; global_colors_info=&#8220;{}&#8220;][et_pb_row _builder_version=&#8220;4.17.6&#8243; _module_preset=&#8220;default&#8220; global_colors_info=&#8220;{}&#8220;][et_pb_column type=&#8220;4_4&#8243; _builder_version=&#8220;4.17.6&#8243; _module_preset=&#8220;default&#8220; global_colors_info=&#8220;{}&#8220;][et_pb_text _builder_version=&#8220;4.27.4&#8243; _module_preset=&#8220;default&#8220; text_orientation=&#8220;justified&#8220; hover_enabled=&#8220;0&#8243; global_colors_info=&#8220;{}&#8220; sticky_enabled=&#8220;0&#8243;]<\/p>\n<p>Auch in diesem Jahr konnte Dank vieler flei\u00dfiger HelferInnen die Lindenschule am 05.12.2025 wieder in weihnachtlichem Glanz erstrahlen und Gro\u00df und Klein konnten an liebevoll dekorierten St\u00e4nden des Weihnachtsm\u00e4rktles kleine selbstgemachte Geschenke kaufen, sich bei Gl\u00fchwein und Punsch aufw\u00e4rmen und verschiedene Leckereien genie\u00dfen.<\/p>\n<p><img loading=\"lazy\" decoding=\"async\" class=\"aligncenter wp-image-245878 size-medium\" src=\"https:\/\/lindenschule-hohenacker.de\/site\/wp-content\/uploads\/2025\/12\/e451d932-5df0-47c1-85fa-ab35ae78afe2-225x300.jpeg\" alt=\"\" width=\"225\" height=\"300\" \/><\/p>\n<p><img loading=\"lazy\" decoding=\"async\" class=\"aligncenter wp-image-245881 size-medium\" src=\"https:\/\/lindenschule-hohenacker.de\/site\/wp-content\/uploads\/2025\/12\/b2924d43-4dff-4a3c-a5fc-7a72268c7532-300x225.jpeg\" alt=\"\" width=\"300\" height=\"225\" \/><\/p>\n<p>Nach einer offiziellen Begr\u00fc\u00dfung durch den F\u00f6rderverein, der wie jedes Jahr das Weihnachtsm\u00e4rktle organisiert hat, und der Schulleitung wurde noch gemeinsam das Lied \u201eFeliz Navidad\u201c gesungen, bevor sich dann alle Besucher in Richtung der verschiedenen St\u00e4nde verteilten. Wie jedes Jahr, wurden auch dieses Mal wieder die sch\u00f6nsten St\u00e4nde preisgekr\u00f6nt. In diesem Jahr wurden der Stand der 3b und der Stand des Bild\u00e4ckerkindergartens ausgew\u00e4hlt.<\/p>\n<p><img loading=\"lazy\" decoding=\"async\" class=\"aligncenter wp-image-245876 size-medium\" src=\"https:\/\/lindenschule-hohenacker.de\/site\/wp-content\/uploads\/2025\/12\/aab68538-7519-42a7-80d6-04deaeda9918-225x300.jpeg\" alt=\"\" width=\"225\" height=\"300\" \/><\/p>\n<p><img loading=\"lazy\" decoding=\"async\" class=\"aligncenter wp-image-245880 size-medium\" src=\"https:\/\/lindenschule-hohenacker.de\/site\/wp-content\/uploads\/2025\/12\/69ae25ec-1807-459b-88d6-7a592c60bbb0-225x300.jpeg\" alt=\"\" width=\"225\" height=\"300\" \/><\/p>\n<p>Ganz besondere Momente beim Schlendern \u00fcbers Weihnachtsm\u00e4rktle sind auch immer die, wenn man ehemalige Sch\u00fclerInnen und Eltern trifft und unverhoffte nette Begegnungen macht.<br \/>Um 17.00 Uhr gab es ein besonderes Highlight. Die Igelklasse f\u00fchrte ein kleines Theaterst\u00fcck \u201eDeutschland sucht den Weihnachtsmann\u201c auf, zu dem jeder herzlich eingeladen war.<br \/>Au\u00dferdem gab es f\u00fcr die Kinder den ganzen Abend \u00fcber ein Kreativangebot, bei dem bunte und glitzernde Sterne aus Perlen gebastelt werden konnten.<\/p>\n<p><img loading=\"lazy\" decoding=\"async\" class=\"aligncenter wp-image-245877 size-medium\" src=\"https:\/\/lindenschule-hohenacker.de\/site\/wp-content\/uploads\/2025\/12\/00ff113b-d9d7-484d-9d95-7776b661aee8-225x300.jpeg\" alt=\"\" width=\"225\" height=\"300\" \/><\/p>\n<p>Am Ende ist es dann immer schade, wie schnell die Zeit vorbei ist und der weihnachtliche Zauber wieder f\u00fcr ein Jahr verschwindet. Zu Hause und in den Klassenzimmern lassen wir es aber noch ein Weilchen glitzern\u2026<\/p>\n<p>S. V\u00f6hringer<\/p>\n<p>[\/et_pb_text][\/et_pb_column][\/et_pb_row][\/et_pb_section]<\/p>\n","protected":false},"excerpt":{"rendered":"<p>Auch in diesem Jahr konnte Dank vieler flei\u00dfiger HelferInnen die Lindenschule am 05.12.2025 wieder in weihnachtlichem Glanz erstrahlen und Gro\u00df und Klein konnten an liebevoll dekorierten St\u00e4nden des Weihnachtsm\u00e4rktles kleine [&hellip;]<\/p>\n","protected":false},"author":2,"featured_media":245879,"comment_status":"closed","ping_status":"open","sticky":false,"template":"","format":"standard","meta":{"_et_pb_use_builder":"on","_et_pb_old_content":"","_et_gb_content_width":"","footnotes":""},"categories":[20],"tags":[101],"class_list":["post-245873","post","type-post","status-publish","format-standard","has-post-thumbnail","hentry","category-aktionen-im-bildungshaus","tag-weihnachtsmaerktle"],"_links":{"self":[{"href":"https:\/\/lindenschule-hohenacker.de\/site\/wp-json\/wp\/v2\/posts\/245873","targetHints":{"allow":["GET"]}}],"collection":[{"href":"https:\/\/lindenschule-hohenacker.de\/site\/wp-json\/wp\/v2\/posts"}],"about":[{"href":"https:\/\/lindenschule-hohenacker.de\/site\/wp-json\/wp\/v2\/types\/post"}],"author":[{"embeddable":true,"href":"https:\/\/lindenschule-hohenacker.de\/site\/wp-json\/wp\/v2\/users\/2"}],"replies":[{"embeddable":true,"href":"https:\/\/lindenschule-hohenacker.de\/site\/wp-json\/wp\/v2\/comments?post=245873"}],"version-history":[{"count":5,"href":"https:\/\/lindenschule-hohenacker.de\/site\/wp-json\/wp\/v2\/posts\/245873\/revisions"}],"predecessor-version":[{"id":245914,"href":"https:\/\/lindenschule-hohenacker.de\/site\/wp-json\/wp\/v2\/posts\/245873\/revisions\/245914"}],"wp:featuredmedia":[{"embeddable":true,"href":"https:\/\/lindenschule-hohenacker.de\/site\/wp-json\/wp\/v2\/media\/245879"}],"wp:attachment":[{"href":"https:\/\/lindenschule-hohenacker.de\/site\/wp-json\/wp\/v2\/media?parent=245873"}],"wp:term":[{"taxonomy":"category","embeddable":true,"href":"https:\/\/lindenschule-hohenacker.de\/site\/wp-json\/wp\/v2\/categories?post=245873"},{"taxonomy":"post_tag","embeddable":true,"href":"https:\/\/lindenschule-hohenacker.de\/site\/wp-json\/wp\/v2\/tags?post=245873"}],"curies":[{"name":"wp","href":"https:\/\/api.w.org\/{rel}","templated":true}]}}