{"id":246111,"date":"2026-04-27T17:14:20","date_gmt":"2026-04-27T15:14:20","guid":{"rendered":"https:\/\/lindenschule-hohenacker.de\/site\/?p=246111"},"modified":"2026-04-27T17:15:21","modified_gmt":"2026-04-27T15:15:21","slug":"die-baeren-in-der-galerie-stihl","status":"publish","type":"post","link":"https:\/\/lindenschule-hohenacker.de\/site\/die-baeren-in-der-galerie-stihl\/","title":{"rendered":"Die B\u00e4ren in der Galerie Stihl"},"content":{"rendered":"<p>[et_pb_section fb_built=&#8220;1&#8243; _builder_version=&#8220;4.17.6&#8243; _module_preset=&#8220;default&#8220; global_colors_info=&#8220;{}&#8220;][et_pb_row _builder_version=&#8220;4.17.6&#8243; _module_preset=&#8220;default&#8220; global_colors_info=&#8220;{}&#8220;][et_pb_column type=&#8220;4_4&#8243; _builder_version=&#8220;4.17.6&#8243; _module_preset=&#8220;default&#8220; global_colors_info=&#8220;{}&#8220;][et_pb_text _builder_version=&#8220;4.27.5&#8243; _module_preset=&#8220;default&#8220; text_orientation=&#8220;justified&#8220; hover_enabled=&#8220;0&#8243; global_colors_info=&#8220;{}&#8220; sticky_enabled=&#8220;0&#8243;]<\/p>\n<div class=\"default-style\">Am Freitag, 24.4.26 hat die B\u00e4renklasse einen Ausflug zur Galerie Stihl unternommen. Die Ausstellung hatte den Titel: Die lieben Nachbarn. Wir haben gelernt, dass damit die \u00d6sterreicher gemeint waren. Die Bilder waren lustig und haben gezeigt, was die \u00d6sterreicher \u00fcber die Deutschen denken und umgekehrt. Anschlie\u00dfend durften wir in der Kunstschule tonen. Auch dort haben wir allerlei gelernt. Zum Beispiel, dass man den Ton \u201eschlagen\u201c muss, bevor man ihn verwenden kann. Wir hatten viele gute Ideen, was man aus Ton formen kann:<\/div>\n<div class=\"default-style\">Eine Kuchen, Vulkan, Fu\u00dfball, Teller und vieles mehr.<\/div>\n<div>\u00a0<\/div>\n<div><img loading=\"lazy\" decoding=\"async\" class=\"wp-image-246114 size-medium alignleft\" src=\"https:\/\/lindenschule-hohenacker.de\/site\/wp-content\/uploads\/2026\/04\/Threema_Work_2026-04-26_15-14-27-169x300.jpeg\" alt=\"\" width=\"169\" height=\"300\" \/><img loading=\"lazy\" decoding=\"async\" class=\"wp-image-246115 size-medium alignleft\" src=\"https:\/\/lindenschule-hohenacker.de\/site\/wp-content\/uploads\/2026\/04\/Threema_Work_2026-04-26_15-14-30-169x300.jpeg\" alt=\"\" width=\"169\" height=\"300\" \/> <img loading=\"lazy\" decoding=\"async\" class=\"wp-image-246117 size-medium alignleft\" src=\"https:\/\/lindenschule-hohenacker.de\/site\/wp-content\/uploads\/2026\/04\/Threema_Work_2026-04-26_15-14-31-169x300.jpeg\" alt=\"\" width=\"169\" height=\"300\" \/><\/div>\n<div>\u00a0<\/div>\n<div>\u00a0<\/div>\n<div>\u00a0<\/div>\n<div>\u00a0<\/div>\n<div>\u00a0<\/div>\n<div>\u00a0<\/div>\n<div>\u00a0<\/div>\n<div>\u00a0<\/div>\n<div>\u00a0<\/div>\n<div>\u00a0<\/div>\n<div>\u00a0<\/div>\n<div>\u00a0<\/div>\n<div>\u00a0<\/div>\n<div>\u00a0<\/div>\n<div class=\"default-style\">Es war ein ein toller Ausflug!<\/div>\n<div>\u00a0<\/div>\n<div>S.Jud<\/div>\n<p>[\/et_pb_text][\/et_pb_column][\/et_pb_row][\/et_pb_section]<\/p>\n","protected":false},"excerpt":{"rendered":"<p>Am Freitag, 24.4.26 hat die B\u00e4renklasse einen Ausflug zur Galerie Stihl unternommen. Die Ausstellung hatte den Titel: Die lieben Nachbarn. Wir haben gelernt, dass damit die \u00d6sterreicher gemeint waren. Die [&hellip;]<\/p>\n","protected":false},"author":2,"featured_media":246116,"comment_status":"closed","ping_status":"open","sticky":false,"template":"","format":"standard","meta":{"_et_pb_use_builder":"on","_et_pb_old_content":"","_et_gb_content_width":"","footnotes":""},"categories":[30],"tags":[13,125],"class_list":["post-246111","post","type-post","status-publish","format-standard","has-post-thumbnail","hentry","category-1b-baerenklasse","tag-baerenklasse","tag-stihl-galerie"],"_links":{"self":[{"href":"https:\/\/lindenschule-hohenacker.de\/site\/wp-json\/wp\/v2\/posts\/246111","targetHints":{"allow":["GET"]}}],"collection":[{"href":"https:\/\/lindenschule-hohenacker.de\/site\/wp-json\/wp\/v2\/posts"}],"about":[{"href":"https:\/\/lindenschule-hohenacker.de\/site\/wp-json\/wp\/v2\/types\/post"}],"author":[{"embeddable":true,"href":"https:\/\/lindenschule-hohenacker.de\/site\/wp-json\/wp\/v2\/users\/2"}],"replies":[{"embeddable":true,"href":"https:\/\/lindenschule-hohenacker.de\/site\/wp-json\/wp\/v2\/comments?post=246111"}],"version-history":[{"count":3,"href":"https:\/\/lindenschule-hohenacker.de\/site\/wp-json\/wp\/v2\/posts\/246111\/revisions"}],"predecessor-version":[{"id":246119,"href":"https:\/\/lindenschule-hohenacker.de\/site\/wp-json\/wp\/v2\/posts\/246111\/revisions\/246119"}],"wp:featuredmedia":[{"embeddable":true,"href":"https:\/\/lindenschule-hohenacker.de\/site\/wp-json\/wp\/v2\/media\/246116"}],"wp:attachment":[{"href":"https:\/\/lindenschule-hohenacker.de\/site\/wp-json\/wp\/v2\/media?parent=246111"}],"wp:term":[{"taxonomy":"category","embeddable":true,"href":"https:\/\/lindenschule-hohenacker.de\/site\/wp-json\/wp\/v2\/categories?post=246111"},{"taxonomy":"post_tag","embeddable":true,"href":"https:\/\/lindenschule-hohenacker.de\/site\/wp-json\/wp\/v2\/tags?post=246111"}],"curies":[{"name":"wp","href":"https:\/\/api.w.org\/{rel}","templated":true}]}}